{"id":90828,"date":"2019-09-25T19:30:47","date_gmt":"2019-09-25T17:30:47","guid":{"rendered":"https:\/\/www.uckg.org\/pt\/?p=90828"},"modified":"2021-10-08T11:23:38","modified_gmt":"2021-10-08T09:23:38","slug":"dando-poder-ao-povo","status":"publish","type":"post","link":"https:\/\/www.uckg.org\/pt\/dando-poder-ao-povo\/","title":{"rendered":"Dando PODER ao povo"},"content":{"rendered":"<p><a href=\"https:\/\/www.uckg.org\/pt\/wp-content\/uploads\/2019\/09\/dop-main2.png\"><img fetchpriority=\"high\" decoding=\"async\" class=\"aligncenter wp-image-90834 size-full\" title=\"Dando PODER ao povo\" src=\"https:\/\/www.uckg.org\/pt\/wp-content\/uploads\/2019\/09\/dop-main2.png\" alt=\"Dando PODER ao povo\" width=\"883\" height=\"386\" \/><\/a><\/p>\n<p style=\"text-align: justify;\">V\u00e1rias pessoas caminhavam pela South Africa Road, formando do lado de fora do est\u00e1dio uma multid\u00e3o que aguardava pela abertura dos port\u00f5es. \u00c0s 13h, a multid\u00e3o foi autorizada a entrar e os assentos come\u00e7aram a ser ocupados por pessoas entusiasmadas. O silencioso est\u00e1dio foi rapidamente preenchido pela conversa das pessoas, imaginando como seria o <a title=\"Desafiando um passado negativo\" href=\"https:\/\/www.uckg.org\/pt\/desafiando-um-passado-negativo\/\">Dia do Poder<\/a> e como suas vidas mudariam depois do evento.<\/p>\n<p style=\"text-align: justify;\">\u00c0s 15h, um trailer do filme Nada a Perder 2 foi apresentado na tela. Esta ser\u00e1 a \u00faltima edi\u00e7\u00e3o da cinebiografia do fundador da Igreja Universal, Bispo Macedo, que estrear\u00e1 no Reino Unido no dia 19 de outubro. Em seguida, a plateia assistiu outro v\u00eddeo mostrando testemunhos de pessoas que foram aben\u00e7oadas e tiveram suas vidas transformadas depois de participarem de eventos anteriores semelhantes ao Dia do Poder ou ap\u00f3s terem usado o \u00d3leo Sagrado de Israel.<\/p>\n<p style=\"text-align: justify;\">Chrissy B (apresentadora do programa de TV Chrissy B Show) e Robert Ashitey (apresentador do programa Breakfast Show na Liberty Radio) subiram no Altar para abrir oficialmente o evento. A seguir houve uma apresenta\u00e7\u00e3o do Grupo Jovem (VYG). Eles cantaram uma vers\u00e3o da m\u00fasica \u2018There is power in this place\u2019, com uma coreografia cheia de energia. Os apresentadores chamaram o l\u00edder do Grupo Jovem, Pastor Ade Titilawo, que explicou sobre o VYG e sobre como o grupo trabalha para levar os jovens a encontrar um significado para suas vidas.<\/p>\n<p style=\"text-align: justify;\">\u201cSomos o minist\u00e9rio da juventude da Igreja Universal. Temos visto muitos jovens perderem a vida por causa do crime. Nosso trabalho \u00e9 mostrar a eles que h\u00e1 uma sa\u00edda. Este est\u00e1dio tem o nome de um jogador de futebol que perdeu a vida em um crime de esfaqueamento, ent\u00e3o iremos orar pela fam\u00edlia dele e por voc\u00eas tamb\u00e9m&#8221;, disse o Pastor Ade, referindo-se a Kiyan Price, um jovem de 15 anos que perdeu a vida em 2006. Ele ent\u00e3o chamou um jovem que teve sua vida destru\u00edda pela viol\u00eancia de gangues, mas mudou sua hist\u00f3ria com a ajuda do Grupo Jovem. Ele disse: \u2018Meu conselho para os jovens \u00e9: sejam sinceros e se abram. Existe ajuda para voc\u00ea, ent\u00e3o venha ao Grupo Jovem (VYG) e aplique os conselhos na sua vida&#8217;. O Pastor Ade fez uma ora\u00e7\u00e3o para todos os jovens no est\u00e1dio e no Reino Unido.<\/p>\n<p style=\"text-align: justify;\">Uma segunda apresenta\u00e7\u00e3o do VYG come\u00e7ou logo ap\u00f3s, mostrando atrav\u00e9s da dan\u00e7a e da m\u00fasica que nada no mundo pode nos dar verdadeiro poder ou felicidade se n\u00e3o estivermos conectados ao \u00danico que realmente pode nos dar essas coisas, que \u00e9 o Pr\u00f3prio Deus.<\/p>\n<p style=\"text-align: justify;\">Robert Ashitey ressaltou que a Igreja Universal \u00e9 para todos: \u201cO Dia do Poder \u00e9 para todos, independentemente do seu passado. Ent\u00e3o, se voc\u00ea quiser ver uma mudan\u00e7a em sua vida, este \u00e9 o dia.\u201d<\/p>\n<p style=\"text-align: justify;\">O Grupo Jovem retornou com uma terceira apresenta\u00e7\u00e3o, antes de Chrissy B contar sua hist\u00f3ria sobre como conheceu a Deus atrav\u00e9s da <a href=\"https:\/\/www.uckg.org\/pt\/a-igreja-universal-cumpre-as-regras-mais-recentes-de-isolamento-relacionadas-ao-coronavirus\/\">Igreja Universal<\/a>. Ela contou para as mais de 11.000 pessoas presentes como <a href=\"https:\/\/www.uckg.org\/pt\/eu-lutei-contra-meu-vicio-depois-de-ouvir-uma-palavra\/\">lutou contra a depress\u00e3o<\/a> e os ataques de p\u00e2nico desde muito jovem, com apenas sete anos. Durante esse per\u00edodo, ela n\u00e3o encontrou ajuda em nenhum lugar, e come\u00e7ou a tentar todo tipo de coisa para acabar com seu sofrimento. Mas, quando descobriu a Igreja Universal e decidiu participar de uma de suas reuni\u00f5es, um conselheiro disse que sua vida poderia mudar \u2013 <a title=\"Deus sempre cumpre as suas promessas\" href=\"https:\/\/www.uckg.org\/pt\/deus-sempre-cumpre-as-suas-promessas\/\">uma mensagem muito diferente<\/a> do que ela costumava ouvir nos outros lugares. Ela se apegou a essas palavras e, atrav\u00e9s de sua f\u00e9, ficou livre de seus problemas. Chrissy B anunciou o lan\u00e7amento de seu livro (Depress\u00e3o, \u00c9 hora da REVANCHE!), que acontecer\u00e1 no dia 29 de Setembro na sede da Igreja Universal em <a href=\"https:\/\/www.uckg.org\/pt\/finsbury-park-2010\/\">Finsbury Park<\/a>.<\/p>\n<p style=\"text-align: justify;\">Ap\u00f3s alguns minutos de cantos e louvores que se seguiram, o Bispo Alvaro, l\u00edder da Igreja Universal no Reino Unido, subiu ao altar e transmitiu uma mensagem poderosa: \u201cEstou aqui para lutar sua luta e, se voc\u00ea crer, tudo ser\u00e1 poss\u00edvel. N\u00e3o estamos aqui hoje para entreter as pessoas, mas para ver o fogo de Deus\u201d. Antes de fazer uma ora\u00e7\u00e3o, ele acrescentou: \u201cTudo o que determinarmos aqui, acontecer\u00e1. Tudo o que concordarmos aqui na terra ser\u00e1 concordado no c\u00e9u.\u201d<\/p>\n<p style=\"text-align: justify;\"><strong>\u201cEm verdade vos digo que tudo o que ligardes na terra ser\u00e1 ligado no c\u00e9u, e tudo o que desligardes na terra ser\u00e1 desligado no c\u00e9u.\u201d (Mateus 18:18)<\/strong><\/p>\n<p style=\"text-align: justify;\">O Bispo Alvaro explicou que mesmo aqueles com pouca f\u00e9 veriam o poder de Deus em suas vidas, porque todos uniriam a f\u00e9 para que fossem aben\u00e7oados. Ele ent\u00e3o colocou o vers\u00edculo da B\u00edblia \u00e0 prova atrav\u00e9s de uma demonstra\u00e7\u00e3o de f\u00e9, orando pelos enfermos e oprimidos:<\/p>\n<p style=\"text-align: justify;\">\u201cSe o que est\u00e1 escrito aqui for verdadeiro, milagres acontecer\u00e3o. Caso contr\u00e1rio, nada acontecer\u00e1. Hoje vamos ver se a Palavra de Deus \u00e9 verdadeira ou n\u00e3o.\u201d Ele continuou: \u201cMas eu lhe digo que esta ser\u00e1 a melhor semana de suas vidas&#8221;.<\/p>\n<p style=\"text-align: justify;\">O Bispo orou pelo povo, e todos deram as m\u00e3os em uma corrente de f\u00e9, orando uns pelos os outros. O foco da ora\u00e7\u00e3o foi libertar as pessoas de todos os tipos de problemas.<\/p>\n<p style=\"text-align: justify;\">Ap\u00f3s a ora\u00e7\u00e3o, o Bispo perguntou para as pessoas quais delas estavam com dores anteriormente. Uma mulher disse que sentia dores por todo o corpo h\u00e1 6 anos, a ponto de quase n\u00e3o conseguir se mexer. Depois da ora\u00e7\u00e3o, ela n\u00e3o sentia mais dor. Muitos outros tamb\u00e9m contaram ao Bispo dos milagres que haviam recebido, incluindo uma mulher que era cega e recuperou a vis\u00e3o.<\/p>\n<p style=\"text-align: justify;\">Em seguida, o Bispo passou a orar pelas fam\u00edlias das pessoas. Ao estenderem as m\u00e3os em dire\u00e7\u00e3o \u00e0s suas casas, todos buscaram b\u00ean\u00e7\u00e3os para a vida de seus familiares, bem como o fim de quaisquer problemas pelos quais estivessem passando.<\/p>\n<p style=\"text-align: justify;\">Ent\u00e3o, o Bispo contou que Jesus havia enviado 70 disc\u00edpulos para curar e aben\u00e7oar as pessoas, mas quando eles voltaram maravilhados para contar sobre os milagres, Jesus lhes disse \u201cMas, n\u00e3o vos alegreis porque se vos sujeitem os esp\u00edritos; alegrai-vos antes por estarem os vossos nomes escritos nos c\u00e9us.\u201d (Lucas 10:20). O Bispo explicou: \u201cO objetivo do Dia do Poder n\u00e3o \u00e9 apenas curar os enfermos, mas tamb\u00e9m salvar as almas dos que est\u00e3o perdidos.\u201d Logo ap\u00f3s, fez a ora\u00e7\u00e3o mais importante do evento, dando \u00e0s pessoas a oportunidade de escolher onde passar a eternidade, e convidou todos a <a href=\"https:\/\/www.uckg.org\/pt\/entregamos-nossa-vida-sentimental-nas-maos-de-deus\/\">entregarem suas vidas a Deus<\/a>.<\/p>\n<p style=\"text-align: justify;\">\u201cN\u00e3o estamos aqui para promover uma igreja ou religi\u00e3o, mas para promover o Reino de Deus,\u201d explicou o Bispo, convidando as pessoas a buscar primeiro as coisas espirituais da vida. &#8220;Sua alegria n\u00e3o deve ser baseada em milagres, mas em saber que sua alma est\u00e1 salva.\u201d<\/p>\n<p style=\"text-align: justify;\">Quando o evento estava chegando ao fim, foi anunciada a continua\u00e7\u00e3o do Dia do Poder, nos dias 29 de Setembro e 6 de Outubro, em todos os endere\u00e7os da Universal no Reino Unido: <a href=\"https:\/\/www.uckg.org\/pt\/enderecos\/\" target=\"_blank\" rel=\"noopener noreferrer\">Centro de Ajuda local<\/a><\/p>\n<p style=\"text-align: justify;\">O \u00d3leo Sagrado de Israel foi ent\u00e3o distribu\u00eddo ao povo \u2013 o primeiro de tr\u00eas frascos. Os outros dois \u00f3leos estar\u00e3o dispon\u00edveis nos dois domingos seguintes.<\/p>\n<p><a href=\"https:\/\/www.uckg.org\/pt\/wp-content\/uploads\/2019\/09\/Bottle-display2.png\"><img decoding=\"async\" class=\"size-full wp-image-90835 aligncenter\" src=\"https:\/\/www.uckg.org\/pt\/wp-content\/uploads\/2019\/09\/Bottle-display2.png\" alt=\"\" width=\"883\" height=\"308\" title=\"\" srcset=\"https:\/\/www.uckg.org\/pt\/wp-content\/uploads\/2019\/09\/Bottle-display2.png 883w, https:\/\/www.uckg.org\/pt\/wp-content\/uploads\/2019\/09\/Bottle-display2-300x105.png 300w, https:\/\/www.uckg.org\/pt\/wp-content\/uploads\/2019\/09\/Bottle-display2-768x268.png 768w, https:\/\/www.uckg.org\/pt\/wp-content\/uploads\/2019\/09\/Bottle-display2-500x174.png 500w\" sizes=\"(max-width: 883px) 100vw, 883px\" \/><\/a><\/p>\n<p style=\"text-align: justify;\">Ap\u00f3s uma ora\u00e7\u00e3o final, o evento foi encerrado. Foi uma tarde para ser lembrada para sempre pelas milhares de pessoas que tiveram suas vidas transformadas.<\/p>\n<p style=\"text-align: justify;\">Para mais informa\u00e7\u00f5es, ligue para 020 7272 1010.<\/p>\n<p><a title=\"\" href=\"https:\/\/www.uckg.org\/uckggallery\/\" target=\"_blank\" rel=\"noopener noreferrer\">Confira a nossa galeria<\/a> de fotos para ver como foi o evento em outros pa\u00edses.<\/p>\n<p>&nbsp;<\/p>\n","protected":false},"excerpt":{"rendered":"<p>O que \u00e9 isso e como voc\u00ea pode se beneficiar?<\/p>\n","protected":false},"author":18,"featured_media":0,"comment_status":"open","ping_status":"open","sticky":false,"template":"","format":"standard","meta":{"give_campaign_id":0,"_monsterinsights_skip_tracking":false,"_monsterinsights_sitenote_active":false,"_monsterinsights_sitenote_note":"","_monsterinsights_sitenote_category":0,"footnotes":""},"categories":[643,651,652,661],"tags":[1569,5493,5494],"class_list":["post-90828","post","type-post","status-publish","format-standard","hentry","category-eventos","category-main-events-home","category-main-slider","category-proximos","tag-centro-de-ajuda-local","tag-dia-do-poder","tag-uma-mensagem-muito-diferente"],"_links":{"self":[{"href":"https:\/\/www.uckg.org\/pt\/wp-json\/wp\/v2\/posts\/90828","targetHints":{"allow":["GET"]}}],"collection":[{"href":"https:\/\/www.uckg.org\/pt\/wp-json\/wp\/v2\/posts"}],"about":[{"href":"https:\/\/www.uckg.org\/pt\/wp-json\/wp\/v2\/types\/post"}],"author":[{"embeddable":true,"href":"https:\/\/www.uckg.org\/pt\/wp-json\/wp\/v2\/users\/18"}],"replies":[{"embeddable":true,"href":"https:\/\/www.uckg.org\/pt\/wp-json\/wp\/v2\/comments?post=90828"}],"version-history":[{"count":5,"href":"https:\/\/www.uckg.org\/pt\/wp-json\/wp\/v2\/posts\/90828\/revisions"}],"predecessor-version":[{"id":99539,"href":"https:\/\/www.uckg.org\/pt\/wp-json\/wp\/v2\/posts\/90828\/revisions\/99539"}],"wp:attachment":[{"href":"https:\/\/www.uckg.org\/pt\/wp-json\/wp\/v2\/media?parent=90828"}],"wp:term":[{"taxonomy":"category","embeddable":true,"href":"https:\/\/www.uckg.org\/pt\/wp-json\/wp\/v2\/categories?post=90828"},{"taxonomy":"post_tag","embeddable":true,"href":"https:\/\/www.uckg.org\/pt\/wp-json\/wp\/v2\/tags?post=90828"}],"curies":[{"name":"wp","href":"https:\/\/api.w.org\/{rel}","templated":true}]}}