{"id":90327,"date":"2019-05-21T13:11:56","date_gmt":"2019-05-21T11:11:56","guid":{"rendered":"https:\/\/www.uckg.org\/pt\/?p=90327"},"modified":"2021-10-08T10:34:53","modified_gmt":"2021-10-08T08:34:53","slug":"5-caracteristicas-de-quem-tem-o-espirito-santo","status":"publish","type":"post","link":"https:\/\/www.uckg.org\/pt\/5-caracteristicas-de-quem-tem-o-espirito-santo\/","title":{"rendered":"5 caracter\u00edsticas de quem tem o Esp\u00edrito Santo"},"content":{"rendered":"<p style=\"text-align: justify;\"><a href=\"https:\/\/www.uckg.org\/pt\/wp-content\/uploads\/2019\/05\/Holy.jpg\"><img fetchpriority=\"high\" decoding=\"async\" class=\"aligncenter wp-image-90331 size-full\" title=\"5 caracter\u00edsticas de quem tem o Esp\u00edrito Santo\" src=\"https:\/\/www.uckg.org\/pt\/wp-content\/uploads\/2019\/05\/Holy.jpg\" alt=\"5 caracter\u00edsticas de quem tem o Esp\u00edrito Santo\" width=\"883\" height=\"386\" srcset=\"https:\/\/www.uckg.org\/pt\/wp-content\/uploads\/2019\/05\/Holy.jpg 883w, https:\/\/www.uckg.org\/pt\/wp-content\/uploads\/2019\/05\/Holy-300x131.jpg 300w, https:\/\/www.uckg.org\/pt\/wp-content\/uploads\/2019\/05\/Holy-768x336.jpg 768w, https:\/\/www.uckg.org\/pt\/wp-content\/uploads\/2019\/05\/Holy-500x219.jpg 500w\" sizes=\"(max-width: 883px) 100vw, 883px\" \/><\/a><\/p>\n<p style=\"text-align: justify;\"><strong>Saiba o que um verdadeiro nascido do Esp\u00edrito deve apresentar.<\/strong><\/p>\n<p style=\"text-align: justify;\">Diante de tantos desafios cotidianos, de tantas investidas do mal, torna-se fundamental que o ser humano O tenha em seu interior para conseguir alcan\u00e7ar a Salva\u00e7\u00e3o da alma.<\/p>\n<p style=\"text-align: justify;\">Contudo, o Esp\u00edrito do Alt\u00edssimo, ao Se apossar de uma pessoa, deixa nela Sua marca e ela passa a representar o pr\u00f3prio Deus na Terra.<\/p>\n<p style=\"text-align: justify;\">Todas as pessoas, que um dia foram seladas com o Esp\u00edrito de Deus, carregam cinco caracter\u00edsticas que ver\u00e1 a seguir:<\/p>\n<h4 style=\"text-align: justify;\"><strong>1-<\/strong><strong>\u00a0\u00a0\u00a0\u00a0\u00a0 Possui o car\u00e1ter de Deus<\/strong><\/h4>\n<p style=\"text-align: justify;\">Quando uma pessoa recebe o Esp\u00edrito Santo, seu car\u00e1ter \u00e9 completamente mudado. O homem que, outrora, possu\u00eda um car\u00e1ter duvidoso e uma m\u00e1 \u00edndole, passa a exalar o car\u00e1ter de Deus por meio de suas obras.<\/p>\n<p style=\"text-align: justify;\">\u201c\u00c9 preciso que tenhamos atitudes semelhantes \u00e0s do nosso Senhor, pois de que vale pregarmos a Cristo e vivermos o anticristo? De que vale manifestarmos amabilidade e simpatia no p\u00falpito, se quando descemos dele, ou sa\u00edmos da igreja, mudamos nossas atitudes? N\u00e3o podemos ser como o camale\u00e3o, que muda de cor conforme o ambiente em que se encontra\u201d, ensina o Bispo Edir Macedo, em seu livro <a title=\"\" href=\"https:\/\/blogs.universal.org\/bispomacedo\/2019\/01\/18\/carater-do-servo-de-deus-2\/\" target=\"_blank\" rel=\"noopener noreferrer\">\u201cO Car\u00e1ter de Deus\u201d.<\/a><\/p>\n<h4 style=\"text-align: justify;\"><strong>2-<\/strong><strong>\u00a0 \u00a0 Anda nos passos de Jesus<\/strong><\/h4>\n<p style=\"text-align: justify;\"><img decoding=\"async\" class=\"wp-image-161697 alignleft\" src=\"https:\/\/www.uckg.org\/pt\/wp-content\/uploads\/2019\/05\/1d4081b2edff7c7bee88931aca74e16b.jpg\" sizes=\"(max-width: 380px) 100vw, 380px\" srcset=\"https:\/\/www.uckg.org\/pt\/wp-content\/uploads\/2019\/05\/1d4081b2edff7c7bee88931aca74e16b.jpg 1254w, https:\/\/s3.amazonaws.com\/portalwp\/wp-content\/uploads\/20190514180748\/5-caracter%C3%ADsticas-de-quem-tem-o-Esp%C3%ADrito-Santo-2-300x200.jpg 300w, https:\/\/s3.amazonaws.com\/portalwp\/wp-content\/uploads\/20190514180748\/5-caracter%C3%ADsticas-de-quem-tem-o-Esp%C3%ADrito-Santo-2-768x512.jpg 768w, https:\/\/s3.amazonaws.com\/portalwp\/wp-content\/uploads\/20190514180748\/5-caracter%C3%ADsticas-de-quem-tem-o-Esp%C3%ADrito-Santo-2-1024x683.jpg 1024w, https:\/\/s3.amazonaws.com\/portalwp\/wp-content\/uploads\/20190514180748\/5-caracter%C3%ADsticas-de-quem-tem-o-Esp%C3%ADrito-Santo-2-880x585.jpg 880w\" alt=\"\" width=\"380\" height=\"254\" title=\"\"><\/p>\n<p style=\"text-align: justify;\">Andar nos caminhos do Alt\u00edssimo \u00e9 o primeiro passo de uma pessoa que recebeu ou deseja <a href=\"https:\/\/www.uckg.org\/pt\/os-frutos-do-espirito-santo\/\">receber o Esp\u00edrito Santo<\/a>.<\/p>\n<p style=\"text-align: justify;\">O <a href=\"https:\/\/www.uckg.org\/pt\/judia-aceita-o-senhor-jesus\/\">pr\u00f3prio Senhor Jesus<\/a>, quando esteve na Terra, afirmou que Ele \u00e9 o Caminho, a Verdade e a Vida. Al\u00e9m disso, ningu\u00e9m pode ter acesso ao Pai, sen\u00e3o, por interm\u00e9dio dEle (Jo\u00e3o 14:6).<\/p>\n<p style=\"text-align: justify;\">A pessoa que \u00e9 batizada com o Esp\u00edrito Santo anda nos Seus caminhos e guarda os Seus mandamentos, pois, antes de tudo, deseja agradar o seu Senhor.<\/p>\n<p style=\"text-align: justify;\">Em seu livro \u201cNos Passos de Jesus\u201d, o Bispo Edir Macedo explicou que seguir ao Senhor Jesus \u00e9 uma condi\u00e7\u00e3o b\u00e1sica para se tornar um crist\u00e3o. \u201cNingu\u00e9m pode ser crist\u00e3o sem seguir o Senhor Jesus; assim, tamb\u00e9m, ningu\u00e9m pode ser sal da terra se n\u00e3o exercer, na sua pr\u00f3pria vida, os <a href=\"https:\/\/www.uckg.org\/pt\/os-9-domingos-do-fruto-do-espirito-santo\/\">frutos do Esp\u00edrito Santo\u201d<\/a>.<\/p>\n<h4 style=\"text-align: justify;\"><strong>\u00a0<\/strong><strong>3-<\/strong><strong>\u00a0 \u00a0 Vive a f\u00e9 de Abra\u00e3o<\/strong><\/h4>\n<p style=\"text-align: justify;\"><a title=\"\" href=\"https:\/\/www.youtube.com\/watch?time_continue=8&amp;v=80ueHgkhB0U\" target=\"_blank\" rel=\"noopener noreferrer\"><strong>Abra\u00e3o \u00e9 considerado o pai da f\u00e9.<\/strong><\/a>\u00a0Ele possu\u00eda uma f\u00e9 inestim\u00e1vel em uma \u00e9poca em que n\u00e3o havia B\u00edblia ou igreja para ensinar. Ele vivia em uma sociedade pag\u00e3, mas, mesmo assim, era servo do Deus Alt\u00edssimo.<\/p>\n<p style=\"text-align: justify;\">Abra\u00e3o foi provado ao ter que deixar sua casa e sua parentela (G\u00eanesis 12:1), ao ter que confiar que Deus cumpriria a promessa de lhe fazer pai de uma numerosa na\u00e7\u00e3o (G\u00eanesis 12:2) e ao ter que dar Seu Filho em sacrif\u00edcio (G\u00eanesis 22:2).<\/p>\n<p style=\"text-align: justify;\">Em todas as situa\u00e7\u00f5es, Abra\u00e3o tinha uma \u00fanica resposta: \u201cEis-me aqui\u201d. Ele sempre obedeceu a Deus, mesmo que, aparentemente, fosse dif\u00edcil.<\/p>\n<p style=\"text-align: justify;\">No livro \u201cA F\u00e9 de Abra\u00e3o\u201d, o Bispo Edir Macedo esclarece que muitos crist\u00e3os, infelizmente, n\u00e3o apresentam a qualidade de f\u00e9 que Abra\u00e3o apresentava.<\/p>\n<p style=\"text-align: justify;\">\u201cA falta de qualidade da f\u00e9 \u00e9 justamente a raz\u00e3o pela qual a maioria dos religiosos n\u00e3o obt\u00e9m bons resultados pr\u00e1ticos, mesmo tendo f\u00e9 em Deus. A vida depende da f\u00e9, mas se a f\u00e9 \u00e9 desqualificada, a vida tamb\u00e9m ser\u00e1 desqualificada\u201d.<\/p>\n<p style=\"text-align: justify;\">Al\u00e9m disso, Deus ainda estabelece que Seu povo olhe para Abra\u00e3o (Isa\u00edas 51:2). \u201cFoi atrav\u00e9s de sua coragem e aud\u00e1cia que ele materializou a f\u00e9 do cora\u00e7\u00e3o, quando ofereceu seu filho Isaque. Al\u00e9m de ter uma f\u00e9 corajosa, ele era paciente para esperar o cumprimento da promessa\u201d, reitera o Bispo em seu livro.<\/p>\n<h4 style=\"text-align: justify;\"><strong>4-<\/strong><strong>\u00a0 \u00a0 Possui uma Alian\u00e7a com Deus<\/strong><\/h4>\n<p style=\"text-align: justify;\">Quando o ser humano se casa, ele empenha sua palavra com outra pessoa. Essa decis\u00e3o \u00e9 marcada por uma cerim\u00f4nia, onde h\u00e1 troca de alian\u00e7as, diante de amigos e familiares. Essa alian\u00e7a o faz lembrar do compromisso que possui com a outra pessoa, independentemente de onde estiver.<\/p>\n<p style=\"text-align: justify;\">Ap\u00f3s isso, eles se tornam uma s\u00f3 carne (Marcos 10:8). Portanto, todas as decis\u00f5es devem ser compartilhadas, n\u00e3o deve haver segredos, h\u00e1 total transpar\u00eancia, companheirismo e fidelidade.<\/p>\n<p style=\"text-align: justify;\">Da mesma forma acontece com Deus. Quando a pessoa decide se entregar a\u00a0<strong><a href=\"https:\/\/www.universal.org\/blog\/coluna\/post\/alianca-com-deus\/\" target=\"_blank\" rel=\"noopener\">Ele e fazer uma alian\u00e7a<\/a><\/strong>, ela coloca Deus \u00e0 frente de suas decis\u00f5es, \u00e9 transparente com Ele e, sobretudo, \u00e9 fiel at\u00e9 o fim.<\/p>\n<h4 style=\"text-align: justify;\"><strong>5-<\/strong><strong>\u00a0 \u00a0 N\u00e3o tem nada a perder<\/strong><strong>\u00a0<\/strong><\/h4>\n<p style=\"text-align: justify;\">A partir do momento que o ser humano possui o Esp\u00edrito de Deus e anda em Seus caminhos, sua vida est\u00e1 nas m\u00e3os dEle.<\/p>\n<p style=\"text-align: justify;\">Ele confia que todas as coisas cooperam para o bem daqueles que amam a Deus (Romanos 8:28). Por isso, n\u00e3o h\u00e1 com o que se preocupar. Embora as situa\u00e7\u00f5es da vida pare\u00e7am desesperadoras, n\u00e3o h\u00e1 o que temer.<\/p>\n<p style=\"text-align: justify;\">Mesmo que as lutas se levantem, nada \u00e9 capaz de tirar a paz que carrega dentro de si. O Bispo Edir Macedo, por exemplo, j\u00e1 passou por diversas situa\u00e7\u00f5es de desprezo, persegui\u00e7\u00e3o e injusti\u00e7a. Contudo, sua f\u00e9 continuou inabal\u00e1vel.<\/p>\n<p style=\"text-align: justify;\">\u201cNada vale mais do que a minha rela\u00e7\u00e3o \u00edntima com Deus. O meu Deus, o Esp\u00edrito Santo, ocupa o espa\u00e7o mais nobre do meu ser. Ele \u00e9 o meu tesouro mais valioso\u201d, destacou o Bispo, em seu primeiro livro da trilogia \u201cNada a Perder\u201d.<\/p>\n<h4 style=\"text-align: justify;\"><strong>Participe do \u201cJejum de Daniel\u201d<\/strong><\/h4>\n<p style=\"text-align: justify;\">Entre os dias 19 de maio e 9 de junho, acontece o prop\u00f3sito \u201cJejum de Daniel\u201d para o avivamento do Esp\u00edrito Santo. O encerramento ser\u00e1 no dia de Pentecostes com o derramamento do Esp\u00edrito Santo, direto do Cen\u00e1culo de Jerusal\u00e9m. Se voc\u00ea deseja esse avivamento espiritual, participe das reuni\u00f5es que acontecem no <a title=\"\" href=\"https:\/\/www.uckg.org\/pt\/enderecos\/\" target=\"_blank\" rel=\"noopener noreferrer\">Teatro Rainbow, 232 Seven Sisters Road, Londres, N4 3NX<\/a><\/p>\n","protected":false},"excerpt":{"rendered":"<p>Saiba o que um verdadeiro nascido do Esp\u00edrito deve apresentar<\/p>\n","protected":false},"author":18,"featured_media":90331,"comment_status":"open","ping_status":"open","sticky":false,"template":"","format":"standard","meta":{"give_campaign_id":0,"_monsterinsights_skip_tracking":false,"_monsterinsights_sitenote_active":false,"_monsterinsights_sitenote_note":"","_monsterinsights_sitenote_category":0,"footnotes":""},"categories":[657,658],"tags":[5448,5447,1241],"class_list":["post-90327","post","type-post","status-publish","format-standard","has-post-thumbnail","hentry","category-noticias","category-noticias-do-mundo","tag-fazer-uma-alianca","tag-o-carater-de-deus","tag-receber-o-espirito-santo"],"_links":{"self":[{"href":"https:\/\/www.uckg.org\/pt\/wp-json\/wp\/v2\/posts\/90327","targetHints":{"allow":["GET"]}}],"collection":[{"href":"https:\/\/www.uckg.org\/pt\/wp-json\/wp\/v2\/posts"}],"about":[{"href":"https:\/\/www.uckg.org\/pt\/wp-json\/wp\/v2\/types\/post"}],"author":[{"embeddable":true,"href":"https:\/\/www.uckg.org\/pt\/wp-json\/wp\/v2\/users\/18"}],"replies":[{"embeddable":true,"href":"https:\/\/www.uckg.org\/pt\/wp-json\/wp\/v2\/comments?post=90327"}],"version-history":[{"count":5,"href":"https:\/\/www.uckg.org\/pt\/wp-json\/wp\/v2\/posts\/90327\/revisions"}],"predecessor-version":[{"id":99517,"href":"https:\/\/www.uckg.org\/pt\/wp-json\/wp\/v2\/posts\/90327\/revisions\/99517"}],"wp:featuredmedia":[{"embeddable":true,"href":"https:\/\/www.uckg.org\/pt\/wp-json\/wp\/v2\/media\/90331"}],"wp:attachment":[{"href":"https:\/\/www.uckg.org\/pt\/wp-json\/wp\/v2\/media?parent=90327"}],"wp:term":[{"taxonomy":"category","embeddable":true,"href":"https:\/\/www.uckg.org\/pt\/wp-json\/wp\/v2\/categories?post=90327"},{"taxonomy":"post_tag","embeddable":true,"href":"https:\/\/www.uckg.org\/pt\/wp-json\/wp\/v2\/tags?post=90327"}],"curies":[{"name":"wp","href":"https:\/\/api.w.org\/{rel}","templated":true}]}}