{"id":73742,"date":"2017-05-01T09:00:14","date_gmt":"2017-05-01T07:00:14","guid":{"rendered":"https:\/\/www.uckg.org\/pt\/?p=73742"},"modified":"2021-09-21T10:29:41","modified_gmt":"2021-09-21T08:29:41","slug":"guarde-a-fe","status":"publish","type":"post","link":"https:\/\/www.uckg.org\/pt\/guarde-a-fe\/","title":{"rendered":"Guarde a f\u00e9"},"content":{"rendered":"<p style=\"text-align: justify;\"><a title=\"Guarde a f\u00e9\" href=\"https:\/\/www.uckg.org\/pt\/wp-content\/uploads\/2017\/04\/maceds-2.jpg\" rel=\"\"><img fetchpriority=\"high\" decoding=\"async\" class=\"aligncenter wp-image-73745 size-full\" title=\"Guarde a f\u00e9\" src=\"https:\/\/www.uckg.org\/pt\/wp-content\/uploads\/2017\/04\/maceds-2.jpg\" alt=\"maceds\" width=\"866\" height=\"436\" srcset=\"https:\/\/www.uckg.org\/pt\/wp-content\/uploads\/2017\/04\/maceds-2.jpg 866w, https:\/\/www.uckg.org\/pt\/wp-content\/uploads\/2017\/04\/maceds-2-300x151.jpg 300w, https:\/\/www.uckg.org\/pt\/wp-content\/uploads\/2017\/04\/maceds-2-768x387.jpg 768w, https:\/\/www.uckg.org\/pt\/wp-content\/uploads\/2017\/04\/maceds-2-500x252.jpg 500w\" sizes=\"(max-width: 866px) 100vw, 866px\" \/><\/a><\/p>\n<p style=\"text-align: justify;\">Tenho pensado muito em J\u00f3 como <a title=\"Universal \u00e9 recebida por um dos povos mais antigos das Am\u00e9ricas\" href=\"https:\/\/www.uckg.org\/pt\/universal-e-recebida-por-um-dos-povos-mais-antigos-das-americas\/\">exemplo de f\u00e9 sana<\/a>. O diabo, na verdade, queria tocar na f\u00e9 de J\u00f3, enferm\u00e1-la, por isso tirou tudo dele: dinheiro, filhos, sa\u00fade, e ainda usou a mulher e os \u201camigos\u201d, e que amigos!<\/p>\n<p style=\"text-align: justify;\">Enfim, o diabo tentou de tudo para tocar na f\u00e9 de J\u00f3, pois sabia que se tocasse teria a alma de J\u00f3, mas veja o que ele falou:<\/p>\n<p style=\"text-align: justify;\"><em><strong>&#8220;Porque eu sei que o meu Redentor vive, e que por fim se levantar\u00e1 sobre a terra<\/strong>.&#8221;<\/em> <em> (J\u00f3 19.25)<\/em><\/p>\n<p style=\"text-align: justify;\">J\u00f3 perdeu tudo, mas guardou a f\u00e9. E essa f\u00e9 sana trouxe o dobro de tudo o que ele havia perdido. N\u00f3s podemos perder tudo: sa\u00fade, fam\u00edlia, dinheiro etc., mas n\u00e3o podemos perder a f\u00e9. Ela tem que estar sana, pois atrav\u00e9s dessa f\u00e9 podemos recuperar tudo o que perdemos.<\/p>\n<p style=\"text-align: justify;\">O diabo sabe que a \u00fanica coisa que pode venc\u00ea-lo \u00e9 a f\u00e9, por isso ele tenta de tudo para enferm\u00e1-la, enfraquec\u00ea-la. <a title=\"O que voc\u00ea precisa saber antes de renegociar d\u00edvidas?\" href=\"https:\/\/www.uckg.org\/pt\/o-que-voce-precisa-saber-antes-de-renegociar-dividas\/\">Toda a nossa vida<\/a> depende da nossa f\u00e9, inclusive a nossa Salva\u00e7\u00e3o, se ela est\u00e1 enferma, a nossa Salva\u00e7\u00e3o estar\u00e1 em risco.<\/p>\n<p style=\"text-align: justify;\">Guarde a sua f\u00e9! Aceite o conselho que Paulo deu a Tim\u00f3teo:<\/p>\n<p style=\"text-align: justify;\"><strong><em>&#8220;Combati o bom combate, acabei a carreira, guardei a f\u00e9.&#8221;<\/em> <\/strong>(<em> 2 Tim\u00f3teo) <\/em><\/p>\n<p><strong>Bispo Macedo<br \/>\n<\/strong><span style=\"text-decoration: underline;\"><span style=\"color: #0bc4ce;\"><a style=\"color: #0bc4ce; text-decoration: underline;\" href=\"http:\/\/blogs.universal.org\/bispomacedo\/\" target=\"_blank\" rel=\"noopener noreferrer\">bispomacedo.com<\/a><\/span><\/span><\/p>\n","protected":false},"excerpt":{"rendered":"<p>&#8220;Toda a nossa vida depende da nossa f\u00e9, inclusive a nossa Salva\u00e7\u00e3o, se ela est\u00e1 enferma, a nossa Salva\u00e7\u00e3o estar\u00e1 em risco.&#8221;<\/p>\n","protected":false},"author":1,"featured_media":73745,"comment_status":"open","ping_status":"open","sticky":false,"template":"","format":"standard","meta":{"give_campaign_id":0,"_monsterinsights_skip_tracking":false,"_monsterinsights_sitenote_active":false,"_monsterinsights_sitenote_note":"","_monsterinsights_sitenote_category":0,"footnotes":""},"categories":[673,653],"tags":[2517,2518],"class_list":["post-73742","post","type-post","status-publish","format-standard","has-post-thumbnail","hentry","category-bispo-celso-junior","category-mensagens","tag-exemplo-de-fe-sana","tag-toda-a-nossa-vida"],"_links":{"self":[{"href":"https:\/\/www.uckg.org\/pt\/wp-json\/wp\/v2\/posts\/73742","targetHints":{"allow":["GET"]}}],"collection":[{"href":"https:\/\/www.uckg.org\/pt\/wp-json\/wp\/v2\/posts"}],"about":[{"href":"https:\/\/www.uckg.org\/pt\/wp-json\/wp\/v2\/types\/post"}],"author":[{"embeddable":true,"href":"https:\/\/www.uckg.org\/pt\/wp-json\/wp\/v2\/users\/1"}],"replies":[{"embeddable":true,"href":"https:\/\/www.uckg.org\/pt\/wp-json\/wp\/v2\/comments?post=73742"}],"version-history":[{"count":1,"href":"https:\/\/www.uckg.org\/pt\/wp-json\/wp\/v2\/posts\/73742\/revisions"}],"predecessor-version":[{"id":98720,"href":"https:\/\/www.uckg.org\/pt\/wp-json\/wp\/v2\/posts\/73742\/revisions\/98720"}],"wp:featuredmedia":[{"embeddable":true,"href":"https:\/\/www.uckg.org\/pt\/wp-json\/wp\/v2\/media\/73745"}],"wp:attachment":[{"href":"https:\/\/www.uckg.org\/pt\/wp-json\/wp\/v2\/media?parent=73742"}],"wp:term":[{"taxonomy":"category","embeddable":true,"href":"https:\/\/www.uckg.org\/pt\/wp-json\/wp\/v2\/categories?post=73742"},{"taxonomy":"post_tag","embeddable":true,"href":"https:\/\/www.uckg.org\/pt\/wp-json\/wp\/v2\/tags?post=73742"}],"curies":[{"name":"wp","href":"https:\/\/api.w.org\/{rel}","templated":true}]}}