{"id":67354,"date":"2016-10-01T11:00:35","date_gmt":"2016-10-01T10:00:35","guid":{"rendered":"http:\/\/www.uckg.org\/pt\/?p=67354"},"modified":"2021-09-08T10:31:48","modified_gmt":"2021-09-08T08:31:48","slug":"mulher-se-casa-com-proprio-filho-se-separa-e-se-casa-com-a-filha","status":"publish","type":"post","link":"https:\/\/www.uckg.org\/pt\/mulher-se-casa-com-proprio-filho-se-separa-e-se-casa-com-a-filha\/","title":{"rendered":"Mulher se casa com pr\u00f3prio filho &#8211; se separa e se casa com a filha"},"content":{"rendered":"<p>&nbsp;<\/p>\n<p style=\"text-align: justify;\"><strong><img decoding=\"async\" class=\"alignright size-full wp-image-67346\" src=\"http:\/\/www.uckg.org\/pt\/wp-content\/uploads\/2016\/09\/06-2.png\" alt=\"06\" width=\"220\" height=\"220\" title=\"\">Entenda as consequ\u00eancias de um lar destru\u00eddo<\/strong><\/p>\n<p style=\"text-align: justify;\">Patricia Ann Spann, aos 43 anos de idade, voltou a responder <a title=\"Div\u00f3rcio no Reino Unido\" href=\"https:\/\/www.uckg.org\/pt\/divorcio-no-reino-unido\/\">um processo judicial<\/a>. Dessa vez est\u00e1 sendo processada pelo Minist\u00e9rio P\u00fablico dos Estados Unidos por se casar com a pr\u00f3pria filha, Misty Velvet Dawn Spann, de 18 anos.<\/p>\n<p style=\"text-align: justify;\">De acordo com a legisla\u00e7\u00e3o local, o incesto (pr\u00e1tica de rela\u00e7\u00e3o sexual ou uni\u00e3o matrimonial entre parentes pr\u00f3ximos) \u00e9 crime e pode render at\u00e9 10 anos de pris\u00e3o. Patricia, por\u00e9m, alega que n\u00e3o tinha conhecimento de estar agindo contra a lei, j\u00e1 que Misty n\u00e3o tem o nome da m\u00e3e registrado em seus documentos.<\/p>\n<p style=\"text-align: justify;\">Misty e seus dois irm\u00e3os foram adotados pela av\u00f3 paterna ainda na inf\u00e2ncia, ap\u00f3s Patricia perder a guarda das crian\u00e7as. Somente poucos anos atr\u00e1s a m\u00e3e voltou a ter contato com os filhos. M\u00e3e e filha alegam que \u201cse deram bem\u201d desde que se reencontraram e <a title=\"Deus n\u00e3o responde \u00e0 ora\u00e7\u00e3o de quem \u00e9 amigado?\" href=\"https:\/\/www.uckg.org\/pt\/deus-nao-responde-a-oracao-de-quem-e-amigado\/\">decidiram se casar<\/a>.<\/p>\n<p style=\"text-align: justify;\">Por\u00e9m, essa n\u00e3o \u00e9 a primeira vez que Patricia \u00e9 processada. A investiga\u00e7\u00e3o do caso levou a Justi\u00e7a a descobrir outro casamento incestuoso dela. Entre 2008 e 2010, ela foi casada com o filho mais velho, Jody. Ele pediu a anula\u00e7\u00e3o do casamento ap\u00f3s 15 meses de matrim\u00f4nio por ela ser a sua m\u00e3e biol\u00f3gica. Ela, por sua vez, alega que se casou com o rapaz para evitar que ele servisse nas For\u00e7as Armadas.<\/p>\n<p style=\"text-align: justify;\">\u201cEu acredito que n\u00e3o h\u00e1 raz\u00e3o para ela p\u00f4r minha irm\u00e3 nessa situa\u00e7\u00e3o\u201d, declarou o outro filho de Patricia, Cody. \u201cEla for\u00e7ou a minha irm\u00e3 a isso, muitas pessoas sabem. Que tipo de pessoa voc\u00ea tem que ser para colocar a sua pr\u00f3pria filha em algo assim? Se \u00e9 isso o que ela quer \u00e9 problema dela, mas nenhum de n\u00f3s, filhos, queremos isso. E agora ela colocou a minha irm\u00e3 atr\u00e1s das grades por causa dessas escolhas. Por que n\u00e3o assume essa posi\u00e7\u00e3o sozinha, como m\u00e3e? \u201d<\/p>\n<p style=\"text-align: justify;\"><strong>Consequ\u00eancia X Fatalidade<\/strong><\/p>\n<p style=\"text-align: justify;\">O caos envolvendo Patricia e os filhos se repete de muitas outras formas. Consequ\u00eancia de lares destru\u00eddos, de pais que n\u00e3o assumiram a responsabilidade de ter uma fam\u00edlia, que n\u00e3o colocaram Deus \u00e0 frente em suas escolhas.<\/p>\n<p style=\"text-align: justify;\">\u201c\u00c9 lament\u00e1vel vermos pessoas sofrendo porque ainda n\u00e3o perceberam a diferen\u00e7a entre os problemas que surgem em nossas vidas sem a nossa interfer\u00eancia e aqueles que s\u00e3o resultado de decis\u00f5es erradas que tomamos. Podemos cham\u00e1-los, respectivamente, de fatalidade e consequ\u00eancia\u201d, afirma o bispo Adilson Silva, em artigo publicado na Folha Universal.<\/p>\n<p style=\"text-align: justify;\">E ele acrescenta: \u201cFatalidade \u00e9 aquilo que n\u00e3o podemos evitar, mas consequ\u00eancia \u00e9 aquilo que \u00e9 l\u00f3gico, matem\u00e1tico, previs\u00edvel, etc. Assim como dois e dois s\u00e3o quatro em qualquer lugar do mundo, as escolhas erradas que fazemos v\u00e3o gerar problemas que n\u00e3o precisar\u00edamos passar se escolh\u00eassemos o correto.\u201d<\/p>\n<p style=\"text-align: justify;\">Patricia perdeu a guarda dos filhos h\u00e1 muitos anos. Eles foram criados pela av\u00f3 paterna. Ela abriu m\u00e3o de lutar e <a title=\"Como os mais velhos podem nos ajudar a chegar ao sucesso?\" href=\"https:\/\/www.uckg.org\/pt\/como-os-mais-velhos-podem-nos-ajudar-a-chegar-ao-sucesso\/\">resolver os problemas<\/a>, e as consequ\u00eancias vieram. N\u00e3o h\u00e1 informa\u00e7\u00f5es sobre o que exatamente ela pretendia ao se casar com os filhos, mas, como destaca o bispo Adilson, \u00e9 preciso que cada um entenda que escolher \u00e9 algo muito s\u00e9rio e, quando fazemos uma escolha, abrimos m\u00e3o de todas as outras possibilidades.<\/p>\n<p style=\"text-align: justify;\">\u201cInfelizmente, parece que h\u00e1 pessoas que t\u00eam o dom de escolher sempre o pior para si mesmas. Uma boa dica \u00e9 n\u00e3o tomar nenhuma decis\u00e3o em momentos em que a emo\u00e7\u00e3o estiver acentuada. Em momentos de tristeza, alegria, raiva ou qualquer tipo de como\u00e7\u00e3o, n\u00e3o se precipite. Espere que passe e ent\u00e3o decida apoiado na raz\u00e3o. Voc\u00ea n\u00e3o ter\u00e1 <a href=\"https:\/\/www.uckg.org\/pt\/voce-sabe-resolver-problemas-dificeis-de-uma-maneira-facil\/\">uma vida sem problemas<\/a>, eles sempre existir\u00e3o, mas certamente se poupar\u00e1 de muitas dores.\u201d<\/p>\n","protected":false},"excerpt":{"rendered":"<p>&nbsp; Entenda as consequ\u00eancias de um lar destru\u00eddo Patricia Ann Spann, aos 43 anos de idade, voltou a responder um processo judicial. Dessa vez est\u00e1 sendo processada pelo Minist\u00e9rio P\u00fablico [&hellip;]<\/p>\n","protected":false},"author":1,"featured_media":0,"comment_status":"open","ping_status":"open","sticky":false,"template":"","format":"standard","meta":{"give_campaign_id":0,"_monsterinsights_skip_tracking":false,"_monsterinsights_sitenote_active":false,"_monsterinsights_sitenote_note":"","_monsterinsights_sitenote_category":0,"footnotes":""},"categories":[683,657,658],"tags":[1887,1888,5149],"class_list":["post-67354","post","type-post","status-publish","format-standard","hentry","category-internacional-news","category-noticias","category-noticias-do-mundo","tag-decidiram-se-casar","tag-resolver-os-problemas","tag-um-processo-judicial"],"_links":{"self":[{"href":"https:\/\/www.uckg.org\/pt\/wp-json\/wp\/v2\/posts\/67354","targetHints":{"allow":["GET"]}}],"collection":[{"href":"https:\/\/www.uckg.org\/pt\/wp-json\/wp\/v2\/posts"}],"about":[{"href":"https:\/\/www.uckg.org\/pt\/wp-json\/wp\/v2\/types\/post"}],"author":[{"embeddable":true,"href":"https:\/\/www.uckg.org\/pt\/wp-json\/wp\/v2\/users\/1"}],"replies":[{"embeddable":true,"href":"https:\/\/www.uckg.org\/pt\/wp-json\/wp\/v2\/comments?post=67354"}],"version-history":[{"count":2,"href":"https:\/\/www.uckg.org\/pt\/wp-json\/wp\/v2\/posts\/67354\/revisions"}],"predecessor-version":[{"id":98249,"href":"https:\/\/www.uckg.org\/pt\/wp-json\/wp\/v2\/posts\/67354\/revisions\/98249"}],"wp:attachment":[{"href":"https:\/\/www.uckg.org\/pt\/wp-json\/wp\/v2\/media?parent=67354"}],"wp:term":[{"taxonomy":"category","embeddable":true,"href":"https:\/\/www.uckg.org\/pt\/wp-json\/wp\/v2\/categories?post=67354"},{"taxonomy":"post_tag","embeddable":true,"href":"https:\/\/www.uckg.org\/pt\/wp-json\/wp\/v2\/tags?post=67354"}],"curies":[{"name":"wp","href":"https:\/\/api.w.org\/{rel}","templated":true}]}}