{"id":66169,"date":"2016-06-20T14:50:58","date_gmt":"2016-06-20T13:50:58","guid":{"rendered":"http:\/\/www.uckg.org\/pt\/?p=66169"},"modified":"2021-09-02T11:17:53","modified_gmt":"2021-09-02T09:17:53","slug":"anda-na-minha-presenca-e-se-perfeito","status":"publish","type":"post","link":"https:\/\/www.uckg.org\/pt\/anda-na-minha-presenca-e-se-perfeito\/","title":{"rendered":"Anda na Minha presen\u00e7a e s\u00ea perfeito"},"content":{"rendered":"<p><img fetchpriority=\"high\" decoding=\"async\" class=\"aligncenter size-full wp-image-66171\" src=\"http:\/\/www.uckg.org\/pt\/wp-content\/uploads\/2016\/06\/1in.png\" alt=\"1in\" width=\"882\" height=\"436\" title=\"\"><\/p>\n<blockquote><p><em><strong>Anda na Minha presen\u00e7a e s\u00ea perfeito.<\/strong> <\/em>G\u00eanesis 17.1<\/p><\/blockquote>\n<p>O conceito Divino sobre perfei\u00e7\u00e3o \u00e9 diferente do conceito humano.<\/p>\n<p>Aos olhos do mundo, perfeito \u00e9 aquele que n\u00e3o erra. Qual o ser humano que n\u00e3o erra? Qual o her\u00f3i da f\u00e9 que n\u00e3o errou, mesmo sendo t\u00e3o <a title=\"O Senhor da Alma\" href=\"https:\/\/www.uckg.org\/pt\/o-senhor-da-alma\/\">usado por Deus?<\/a> N\u00e3o existiu. E como Deus exige perfei\u00e7\u00e3o de quem naturalmente \u00e9 imperfeito? Ser\u00e1 que Ele cobraria da Sua criatura algo imposs\u00edvel? \u00c9 claro que n\u00e3o! Nesse caso, que tipo de perfei\u00e7\u00e3o Ele exige?<\/p>\n<p>O fato \u00e9, quando se anda na presen\u00e7a dEle \u00e9 como se andasse na Luz. N\u00e3o h\u00e1 como n\u00e3o enxergar os perigos e evit\u00e1-los.<\/p>\n<p>N\u00e3o h\u00e1 como ver os pr\u00f3prios erros e n\u00e3o se corrigir. N\u00e3o h\u00e1 como andar com Ele e ser mentiroso, mau car\u00e1ter, corrupto, ad\u00faltero, trai\u00e7oeiro, perverso, dissimulado, enfim, n\u00e3o h\u00e1 como andar com Ele e praticar injusti\u00e7as. Cada um tem seu jeito de ser e, por conta disso, falha, erra e at\u00e9 faz o que n\u00e3o gostaria de fazer.<\/p>\n<p>Mesmo o ap\u00f3stolo Paulo confessou:<\/p>\n<blockquote><p><em><strong>Porque o que fa\u00e7o n\u00e3o o aprovo; pois o que quero isso n\u00e3o fa\u00e7o, mas o que aborre\u00e7o isso fa\u00e7o.<\/strong><\/em><br \/>\n<em><strong> E, se fa\u00e7o o que n\u00e3o quero, consinto com a lei, que \u00e9 boa. De maneira que agora j\u00e1 n\u00e3o sou eu que fa\u00e7o isto, mas o pecado que habita em mim. Porque eu sei que em mim, isto \u00e9, na minha carne, n\u00e3o habita bem algum; e com efeito o querer est\u00e1 em mim, mas n\u00e3o consigo realizar o bem. Porque n\u00e3o fa\u00e7o o bem que quero, mas o mal que n\u00e3o quero esse fa\u00e7o. Ora, se eu fa\u00e7o o que n\u00e3o quero, j\u00e1 o n\u00e3o fa\u00e7o eu , mas o pecado que habita em mim. Acho ent\u00e3o esta lei em mim, que, quando quero fazer o bem, o mal est\u00e1 comigo. Porque, segundo o homem interior, tenho prazer na lei de Deus; Mas vejo nos meus membros outra lei, que batalha contra a lei do meu entendimento, e me prende debaixo da lei do pecado que est\u00e1 nos meus membros.<\/strong> <\/em>Romanos 7.15-23<\/p><\/blockquote>\n<p>Ser perfeito para Deus \u00e9 ser justo na forma de ser e de agir.<\/p>\n<p>Deus aben\u00e7oe a todos.<\/p>\n<p><strong>Bispo Edir Macedo<\/strong><a title=\"Anda na Minha presen\u00e7a e s\u00ea perfeito\" href=\"http:\/\/blogs.universal.org\/bispomacedo\/\" target=\"_blank\" rel=\"noopener noreferrer\"><br \/>\nblogs.universal.org\/bispomacedo<\/a><\/p>\n","protected":false},"excerpt":{"rendered":"<p>O conceito Divino sobre perfei\u00e7\u00e3o \u00e9 diferente do conceito humano.<\/p>\n","protected":false},"author":1,"featured_media":0,"comment_status":"open","ping_status":"open","sticky":false,"template":"","format":"standard","meta":{"give_campaign_id":0,"_monsterinsights_skip_tracking":false,"_monsterinsights_sitenote_active":false,"_monsterinsights_sitenote_note":"","_monsterinsights_sitenote_category":0,"footnotes":""},"categories":[674,653],"tags":[5132],"class_list":["post-66169","post","type-post","status-publish","format-standard","hentry","category-bispo-edir-macedo","category-mensagens","tag-usado-por-deus"],"_links":{"self":[{"href":"https:\/\/www.uckg.org\/pt\/wp-json\/wp\/v2\/posts\/66169","targetHints":{"allow":["GET"]}}],"collection":[{"href":"https:\/\/www.uckg.org\/pt\/wp-json\/wp\/v2\/posts"}],"about":[{"href":"https:\/\/www.uckg.org\/pt\/wp-json\/wp\/v2\/types\/post"}],"author":[{"embeddable":true,"href":"https:\/\/www.uckg.org\/pt\/wp-json\/wp\/v2\/users\/1"}],"replies":[{"embeddable":true,"href":"https:\/\/www.uckg.org\/pt\/wp-json\/wp\/v2\/comments?post=66169"}],"version-history":[{"count":2,"href":"https:\/\/www.uckg.org\/pt\/wp-json\/wp\/v2\/posts\/66169\/revisions"}],"predecessor-version":[{"id":98069,"href":"https:\/\/www.uckg.org\/pt\/wp-json\/wp\/v2\/posts\/66169\/revisions\/98069"}],"wp:attachment":[{"href":"https:\/\/www.uckg.org\/pt\/wp-json\/wp\/v2\/media?parent=66169"}],"wp:term":[{"taxonomy":"category","embeddable":true,"href":"https:\/\/www.uckg.org\/pt\/wp-json\/wp\/v2\/categories?post=66169"},{"taxonomy":"post_tag","embeddable":true,"href":"https:\/\/www.uckg.org\/pt\/wp-json\/wp\/v2\/tags?post=66169"}],"curies":[{"name":"wp","href":"https:\/\/api.w.org\/{rel}","templated":true}]}}