{"id":52523,"date":"2014-06-29T13:00:37","date_gmt":"2014-06-29T12:00:37","guid":{"rendered":"http:\/\/www.uckg.org\/pt\/?p=52523"},"modified":"2021-07-27T17:25:57","modified_gmt":"2021-07-27T15:25:57","slug":"o-templo-e-o-tempo","status":"publish","type":"post","link":"https:\/\/www.uckg.org\/pt\/o-templo-e-o-tempo\/","title":{"rendered":"O Templo e o Tempo"},"content":{"rendered":"<p><a title=\"O Templo e o Tempo\" href=\"http:\/\/www.uckg.org\/pt\/wp-content\/uploads\/2014\/06\/macedo-in1.jpg\" rel=\"\"><img decoding=\"async\" class=\"alignright wp-image-52518 size-full\" style=\"margin-left: 6px;\" src=\"http:\/\/www.uckg.org\/pt\/wp-content\/uploads\/2014\/06\/macedo-in1.jpg\" alt=\"macedo-in\" width=\"220\" height=\"220\" title=\"\"><\/a>Essa primeira gera\u00e7\u00e3o que estar\u00e1 no Templo \u00e9 privilegiada, pois esse projeto \u00e9 muito maior do que todas as explica\u00e7\u00f5es que j\u00e1 tivemos. \u00c9 algo que talvez s\u00f3 depois, se o Senhor Jesus n\u00e3o voltar antes, a nossa posteridade entender\u00e1 realmente o que o Esp\u00edrito Santo est\u00e1 fazendo aqui na Terra. Abra\u00e3o viveu toda aquela f\u00e9, toda obedi\u00eancia <a title=\"Quanto custa um milagre?\" href=\"https:\/\/www.uckg.org\/pt\/quanto-custa-um-milagre\/\">\u00e0 Voz de Deus<\/a>, no entanto, ele n\u00e3o tinha a dimens\u00e3o do alcance da sua obedi\u00eancia.<\/p>\n<p>Ele sabia que seria pai de uma grande na\u00e7\u00e3o, mas at\u00e9 hoje, depois de tanto tempo, essa na\u00e7\u00e3o, que somos n\u00f3s, continua avan\u00e7ando e crescendo grandemente. Obedecer \u00e0 Voz de Deus traz resultados agora, por\u00e9m o maior resultado s\u00f3 o tempo mostrar\u00e1.<\/p>\n<p><strong>Bispo Edir Macedo<br \/>\n<\/strong><a href=\"http:\/\/bispomacedo.com.br\" target=\"_blank\" rel=\"noopener noreferrer\">bispomacedo.com.br<\/a><\/p>\n","protected":false},"excerpt":{"rendered":"<p>Essa primeira gera\u00e7\u00e3o que estar\u00e1 no Templo \u00e9 privilegiada, pois esse projeto \u00e9 muito maior do que todas as explica\u00e7\u00f5es que j\u00e1 tivemos.<\/p>\n","protected":false},"author":1,"featured_media":0,"comment_status":"open","ping_status":"open","sticky":false,"template":"","format":"standard","meta":{"give_campaign_id":0,"_monsterinsights_skip_tracking":false,"_monsterinsights_sitenote_active":false,"_monsterinsights_sitenote_note":"","_monsterinsights_sitenote_category":0,"footnotes":""},"categories":[634,674,646,653],"tags":[1791],"class_list":["post-52523","post","type-post","status-publish","format-standard","hentry","category-bispo-macedo-2","category-bispo-edir-macedo","category-home1","category-mensagens","tag-a-voz-de-deus"],"_links":{"self":[{"href":"https:\/\/www.uckg.org\/pt\/wp-json\/wp\/v2\/posts\/52523","targetHints":{"allow":["GET"]}}],"collection":[{"href":"https:\/\/www.uckg.org\/pt\/wp-json\/wp\/v2\/posts"}],"about":[{"href":"https:\/\/www.uckg.org\/pt\/wp-json\/wp\/v2\/types\/post"}],"author":[{"embeddable":true,"href":"https:\/\/www.uckg.org\/pt\/wp-json\/wp\/v2\/users\/1"}],"replies":[{"embeddable":true,"href":"https:\/\/www.uckg.org\/pt\/wp-json\/wp\/v2\/comments?post=52523"}],"version-history":[{"count":1,"href":"https:\/\/www.uckg.org\/pt\/wp-json\/wp\/v2\/posts\/52523\/revisions"}],"predecessor-version":[{"id":96836,"href":"https:\/\/www.uckg.org\/pt\/wp-json\/wp\/v2\/posts\/52523\/revisions\/96836"}],"wp:attachment":[{"href":"https:\/\/www.uckg.org\/pt\/wp-json\/wp\/v2\/media?parent=52523"}],"wp:term":[{"taxonomy":"category","embeddable":true,"href":"https:\/\/www.uckg.org\/pt\/wp-json\/wp\/v2\/categories?post=52523"},{"taxonomy":"post_tag","embeddable":true,"href":"https:\/\/www.uckg.org\/pt\/wp-json\/wp\/v2\/tags?post=52523"}],"curies":[{"name":"wp","href":"https:\/\/api.w.org\/{rel}","templated":true}]}}