{"id":50349,"date":"2014-02-20T16:09:56","date_gmt":"2014-02-20T16:09:56","guid":{"rendered":"http:\/\/www.uckg.org\/pt\/?p=50349"},"modified":"2021-07-23T16:40:29","modified_gmt":"2021-07-23T14:40:29","slug":"meditacao-do-dia-temporario","status":"publish","type":"post","link":"https:\/\/www.uckg.org\/pt\/meditacao-do-dia-temporario\/","title":{"rendered":"Medita\u00e7\u00e3o Do Dia &#8211; Tempor\u00e1rio"},"content":{"rendered":"<p><em><strong><a href=\"http:\/\/www.uckg.org\/pt\/wp-content\/uploads\/2014\/02\/logo-meditacao.png\"><img decoding=\"async\" class=\"size-full wp-image-50086 alignright\" style=\"margin-left: 6px; margin-right: 6px;\" src=\"http:\/\/www.uckg.org\/pt\/wp-content\/uploads\/2014\/02\/logo-meditacao.png\" alt=\"logo-meditacao\" width=\"220\" height=\"220\" title=\"\"><\/a><\/strong><\/em><\/p>\n<p><em><strong>\u201cPermanecei em Mim, e Eu permanecerei em v\u00f3s. Como n\u00e3o pode o ramo produzir fruto de si mesmo, se n\u00e3o permanecer na videira, assim, nem v\u00f3s o podeis dar, se n\u00e3o permanecerdes em Mim.\u201d <\/strong><\/em>Jo\u00e3o 15:4<\/p>\n<p>Voc\u00ea pode trabalhar duro, <a title=\"O meu presente de todos os dias\" href=\"https:\/\/www.uckg.org\/pt\/o-meu-presente-de-todos-os-dias\/\">todos os dias<\/a>, mas se faz tudo por conta pr\u00f3pria, sem a dire\u00e7\u00e3o de Deus, seu prazer ser\u00e1 tempor\u00e1rio.<\/p>\n<p><a title=\"Medita\u00e7\u00e3o Do Dia - Tempor\u00e1rio\" href=\"http:\/\/www.fonteajorrar.com\/pt\/\" target=\"_blank\" rel=\"noopener noreferrer\"><strong>Fonte a Jorrar<\/strong><\/a><\/p>\n","protected":false},"excerpt":{"rendered":"<p>Voc\u00ea pode trabalhar duro, todos os dias, mas&#8230;<\/p>\n","protected":false},"author":1,"featured_media":0,"comment_status":"open","ping_status":"open","sticky":false,"template":"","format":"standard","meta":{"give_campaign_id":0,"_monsterinsights_skip_tracking":false,"_monsterinsights_sitenote_active":false,"_monsterinsights_sitenote_note":"","_monsterinsights_sitenote_category":0,"footnotes":""},"categories":[684,654],"tags":[1262],"class_list":["post-50349","post","type-post","status-publish","format-standard","hentry","category-meditacao-do-dia","category-multimedia","tag-todos-os-dias"],"_links":{"self":[{"href":"https:\/\/www.uckg.org\/pt\/wp-json\/wp\/v2\/posts\/50349","targetHints":{"allow":["GET"]}}],"collection":[{"href":"https:\/\/www.uckg.org\/pt\/wp-json\/wp\/v2\/posts"}],"about":[{"href":"https:\/\/www.uckg.org\/pt\/wp-json\/wp\/v2\/types\/post"}],"author":[{"embeddable":true,"href":"https:\/\/www.uckg.org\/pt\/wp-json\/wp\/v2\/users\/1"}],"replies":[{"embeddable":true,"href":"https:\/\/www.uckg.org\/pt\/wp-json\/wp\/v2\/comments?post=50349"}],"version-history":[{"count":1,"href":"https:\/\/www.uckg.org\/pt\/wp-json\/wp\/v2\/posts\/50349\/revisions"}],"predecessor-version":[{"id":96717,"href":"https:\/\/www.uckg.org\/pt\/wp-json\/wp\/v2\/posts\/50349\/revisions\/96717"}],"wp:attachment":[{"href":"https:\/\/www.uckg.org\/pt\/wp-json\/wp\/v2\/media?parent=50349"}],"wp:term":[{"taxonomy":"category","embeddable":true,"href":"https:\/\/www.uckg.org\/pt\/wp-json\/wp\/v2\/categories?post=50349"},{"taxonomy":"post_tag","embeddable":true,"href":"https:\/\/www.uckg.org\/pt\/wp-json\/wp\/v2\/tags?post=50349"}],"curies":[{"name":"wp","href":"https:\/\/api.w.org\/{rel}","templated":true}]}}