{"id":2716923,"date":"2025-11-27T09:00:43","date_gmt":"2025-11-27T09:00:43","guid":{"rendered":"https:\/\/www.uckg.org\/pt\/?p=2716923"},"modified":"2025-11-24T13:35:39","modified_gmt":"2025-11-24T13:35:39","slug":"como-proteger-sua-mente-da-negatividade","status":"publish","type":"post","link":"https:\/\/www.uckg.org\/pt\/como-proteger-sua-mente-da-negatividade\/","title":{"rendered":"Como Proteger Sua Mente Da Negatividade"},"content":{"rendered":"<p style=\"text-align: justify;\"><a href=\"https:\/\/www.uckg.org\/pt\/wp-content\/uploads\/2025\/11\/How-to-Guard-You-Mind.jpg\"><img fetchpriority=\"high\" decoding=\"async\" class=\"size-full wp-image-2716926 aligncenter\" src=\"https:\/\/www.uckg.org\/pt\/wp-content\/uploads\/2025\/11\/How-to-Guard-You-Mind.jpg\" alt=\"\" width=\"862\" height=\"354\" title=\"\" srcset=\"https:\/\/www.uckg.org\/pt\/wp-content\/uploads\/2025\/11\/How-to-Guard-You-Mind.jpg 862w, https:\/\/www.uckg.org\/pt\/wp-content\/uploads\/2025\/11\/How-to-Guard-You-Mind-300x123.jpg 300w, https:\/\/www.uckg.org\/pt\/wp-content\/uploads\/2025\/11\/How-to-Guard-You-Mind-768x315.jpg 768w, https:\/\/www.uckg.org\/pt\/wp-content\/uploads\/2025\/11\/How-to-Guard-You-Mind-500x205.jpg 500w\" sizes=\"(max-width: 862px) 100vw, 862px\" \/><\/a><br \/>\nNossa mente \u00e9 o \u201ccentro de controle\u201d da nossa vida. Quando a negatividade domina os pensamentos de uma pessoa, pode rapidamente se manifestar atrav\u00e9s de seu comportamento, gerando sentimentos de ansiedade, tristeza, raiva, inveja, ressentimento e at\u00e9 mesmo rea\u00e7\u00f5es violentas. Por isso, \u00e9 fundamental mantermos uma mentalidade positiva e protegermos a nossa mente de toda forma de negatividade.<\/p>\n<p style=\"text-align: justify;\">Para conseguirmos realmente superar os pensamentos negativos, primeiro devemos entender de onde eles v\u00eam. Em Marcos 7:21, o Senhor Jesus disse: \u201cPorque de dentro, do cora\u00e7\u00e3o dos homens, \u00e9 que procedem os maus pensamentos&#8230;\u201d<\/p>\n<p style=\"text-align: justify;\">O cora\u00e7\u00e3o tem a habilidade de produzir tanto pensamentos positivos quanto negativos. \u00c9 natural surgirem maus pensamentos, e isso n\u00e3o significa que voc\u00ea \u00e9 uma m\u00e1 pessoa. Por\u00e9m, quando eles surgem, devem ser confrontados imediatamente, e n\u00e3o aceitos, nem entretidos.<\/p>\n<p style=\"text-align: justify;\">Devemos rebater os pensamentos negativos usando os pensamentos de Deus (Sua Palavra). A realidade \u00e9 que estamos em uma batalha constante contra os impulsos e sugest\u00f5es do nosso cora\u00e7\u00e3o, e \u00e9 essa disciplina interior que nos possibilita vencermos esses pensamentos danosos.<\/p>\n<p style=\"text-align: justify;\">No entanto, essa \u00e9 apenas uma parte da batalha. Tamb\u00e9m devemos permanecer alertas \u00e0s influ\u00eancias externas \u2013 o que ouvimos, vemos e absorvemos do mundo ao nosso redor. \u00c0s vezes, damos ouvido a pessoas que n\u00e3o t\u00eam nada de positivo a oferecer e, antes que percebemos, suas palavras acabam contaminando nossos pensamentos e emo\u00e7\u00f5es.<\/p>\n<p style=\"text-align: justify;\">Resumindo, se voc\u00ea quer vencer as for\u00e7as negativas que lutam para se apossar da sua mente, deve estar sempre vigilante. O diabo tira vantagem dos nossos momentos de vulnerabilidade para soprar ideias destrutivas em nossa mente, por isso \u00e9 essencial combatermos esses pensamentos e sentimentos e nos protegermos de toda influ\u00eancia externa que tenta entrar por nossos olhos e ouvidos.<\/p>\n<p style=\"text-align: justify;\">Tamb\u00e9m \u00e9 fundamental entendermos que as nossas defesas mais eficientes s\u00e3o a ora\u00e7\u00e3o e a f\u00e9, que ajudam a alinharmos nossa mente com a mente de Deus. Quando nos mantemos conectados a Ele, orando, focando na Sua vontade e obedecendo a Sua Palavra, somos fortalecidos para vencer qualquer negatividade.<\/p>\n<p style=\"text-align: justify;\">Nesta sexta-feira, te convidamos a juntar-se a n\u00f3s na <a href=\"https:\/\/www.uckg.org\/pt\/reino-unido-locais\/\" target=\"_blank\" rel=\"noopener\"><span style=\"color: #00ccff;\">Igreja Universal<\/span><\/a> mais perto de voc\u00ea, onde compartilharemos mais dicas pr\u00e1ticas sobre como vencer as influ\u00eancias negativas. Para aqueles que desejam, haver\u00e1 ora\u00e7\u00f5es fortes com imposi\u00e7\u00e3o de m\u00e3os, para ajudar a destruir pela f\u00e9 qualquer opress\u00e3o espiritual.<\/p>\n<p style=\"text-align: justify;\">Estamos participando da <a href=\"https:\/\/www.uckg.org\/pt\/e-se-atraves-do-poder-da-fe-voce-pudesse-esmagar-aquilo-que-esta-tentando-esmaga-lo\/\" target=\"_blank\" rel=\"noopener\"><span style=\"color: #00ccff;\">Corrente do Mal Debaixo Dos Meus P\u00e9s<\/span><\/a>. Venha usar a sua f\u00e9 para se levantar contra tudo que tem tentado lhe derrubar.<\/p>\n<p style=\"text-align: justify;\"><strong>Evento:<\/strong> Corrente do Mal Debaixo dos Meus P\u00e9s<br \/>\n<strong>Data e hor\u00e1rio:<\/strong> Todas as sextas-feiras, \u00e0s 7.30pm (tamb\u00e9m \u00e0s 10am, 12pm &amp; 3pm)<br \/>\n<strong>Local:<\/strong> Na <a href=\"https:\/\/www.uckg.org\/pt\/reino-unido-locais\/\" target=\"_blank\" rel=\"noopener\"><span style=\"color: #00ccff;\">Igreja Universal<\/span> <\/a>mais perto de voc\u00ea<\/p>\n","protected":false},"excerpt":{"rendered":"<p>Nossa mente \u00e9 o \u201ccentro de controle\u201d da nossa vida. Quando a negatividade domina os pensamentos de uma pessoa, pode rapidamente se manifestar atrav\u00e9s de seu comportamento&#8230;<\/p>\n","protected":false},"author":18,"featured_media":2716926,"comment_status":"open","ping_status":"open","sticky":false,"template":"","format":"standard","meta":{"give_campaign_id":0,"_monsterinsights_skip_tracking":false,"_monsterinsights_sitenote_active":false,"_monsterinsights_sitenote_note":"","_monsterinsights_sitenote_category":0,"footnotes":""},"categories":[657,1088,6087],"tags":[],"class_list":["post-2716923","post","type-post","status-publish","format-standard","has-post-thumbnail","hentry","category-noticias","category-noticias-da-comunidade","category-ultimas-noticias"],"_links":{"self":[{"href":"https:\/\/www.uckg.org\/pt\/wp-json\/wp\/v2\/posts\/2716923","targetHints":{"allow":["GET"]}}],"collection":[{"href":"https:\/\/www.uckg.org\/pt\/wp-json\/wp\/v2\/posts"}],"about":[{"href":"https:\/\/www.uckg.org\/pt\/wp-json\/wp\/v2\/types\/post"}],"author":[{"embeddable":true,"href":"https:\/\/www.uckg.org\/pt\/wp-json\/wp\/v2\/users\/18"}],"replies":[{"embeddable":true,"href":"https:\/\/www.uckg.org\/pt\/wp-json\/wp\/v2\/comments?post=2716923"}],"version-history":[{"count":1,"href":"https:\/\/www.uckg.org\/pt\/wp-json\/wp\/v2\/posts\/2716923\/revisions"}],"predecessor-version":[{"id":2716927,"href":"https:\/\/www.uckg.org\/pt\/wp-json\/wp\/v2\/posts\/2716923\/revisions\/2716927"}],"wp:featuredmedia":[{"embeddable":true,"href":"https:\/\/www.uckg.org\/pt\/wp-json\/wp\/v2\/media\/2716926"}],"wp:attachment":[{"href":"https:\/\/www.uckg.org\/pt\/wp-json\/wp\/v2\/media?parent=2716923"}],"wp:term":[{"taxonomy":"category","embeddable":true,"href":"https:\/\/www.uckg.org\/pt\/wp-json\/wp\/v2\/categories?post=2716923"},{"taxonomy":"post_tag","embeddable":true,"href":"https:\/\/www.uckg.org\/pt\/wp-json\/wp\/v2\/tags?post=2716923"}],"curies":[{"name":"wp","href":"https:\/\/api.w.org\/{rel}","templated":true}]}}