{"id":2716624,"date":"2025-10-11T06:00:09","date_gmt":"2025-10-11T05:00:09","guid":{"rendered":"https:\/\/www.uckg.org\/pt\/?p=2716624"},"modified":"2025-10-10T14:17:14","modified_gmt":"2025-10-10T13:17:14","slug":"como-reagir-quando-a-raiva-toma-conta","status":"publish","type":"post","link":"https:\/\/www.uckg.org\/pt\/como-reagir-quando-a-raiva-toma-conta\/","title":{"rendered":"Como reagir quando a raiva toma conta?"},"content":{"rendered":"<p>&nbsp;<\/p>\n<p><a href=\"https:\/\/www.uckg.org\/pt\/wp-content\/uploads\/2025\/10\/Anger.jpg\"><img fetchpriority=\"high\" decoding=\"async\" class=\"alignnone size-full wp-image-2716625\" src=\"https:\/\/www.uckg.org\/pt\/wp-content\/uploads\/2025\/10\/Anger.jpg\" alt=\"\" width=\"862\" height=\"354\" title=\"\" srcset=\"https:\/\/www.uckg.org\/pt\/wp-content\/uploads\/2025\/10\/Anger.jpg 862w, https:\/\/www.uckg.org\/pt\/wp-content\/uploads\/2025\/10\/Anger-300x123.jpg 300w, https:\/\/www.uckg.org\/pt\/wp-content\/uploads\/2025\/10\/Anger-768x315.jpg 768w, https:\/\/www.uckg.org\/pt\/wp-content\/uploads\/2025\/10\/Anger-500x205.jpg 500w\" sizes=\"(max-width: 862px) 100vw, 862px\" \/><\/a><\/p>\n<p style=\"text-align: justify;\">Vivemos em tempos estressantes, onde \u00e9 cada vez mais comum que as pessoas percam o controle por causa de pequenos desentendimentos. Seja na estrada, no trabalho ou em casa, simples mal-entendidos podem se transformar em discuss\u00f5es. Um incidente recente envolvendo o jogador da NFL Mark Sanchez em Indian\u00e1polis, EUA, exemplifica esse padr\u00e3o preocupante de comportamento.<\/p>\n<p style=\"text-align: justify;\">Segundo relatos, a discuss\u00e3o come\u00e7ou quando Sanchez e outro motorista se desentenderam por causa de uma vaga de estacionamento. A situa\u00e7\u00e3o rapidamente evoluiu para agress\u00e3o f\u00edsica, resultando no esfaqueamento do jogador da NFL e na pris\u00e3o do outro homem. O que come\u00e7ou como um desentendimento trivial evoluiu para um caso criminal grave. Sanchez agora foi acusado de um crime grave e pode enfrentar pena de pris\u00e3o \u2013 um lembrete claro de que a raiva descontrolada pode ter consequ\u00eancias devastadoras para todos os envolvidos.<\/p>\n<p style=\"text-align: justify;\">Este incidente reflete as rea\u00e7\u00f5es exageradas que muitos de n\u00f3s podemos demonstrar sob press\u00e3o e estresse. O que poderia ter sido uma conversa ou uma resolu\u00e7\u00e3o respeitosa se transformou em caos. Embora alguns possam argumentar que a retribui\u00e7\u00e3o preserva a dignidade em tais casos, a B\u00edblia nos alerta: &#8221; Melhor \u00e9 o pouco com justi\u00e7a, do que a abund\u00e2ncia de bens com injusti\u00e7a.&#8221; (Prov\u00e9rbios 16:18).<\/p>\n<p style=\"text-align: justify;\">Muitas vezes, palavras acaloradas, insultos gritados ou a\u00e7\u00f5es precipitadas revelam falta de sabedoria em conflitos. As Escrituras nos ensinam sobre o valor da conten\u00e7\u00e3o: \u201cNem torpezas, nem tolices, nem zombarias, que n\u00e3o conv\u00eam; mas antes, a\u00e7\u00f5es de gra\u00e7as.\u201d (Ef\u00e9sios 5:4). O princ\u00edpio subjacente \u00e9 claro: somos encorajados a reagir com autocontrole em vez de explos\u00e3o emocional.<\/p>\n<p style=\"text-align: justify;\">Manter a calma no calor do momento pode ser desafiador, mas, caminhando com Deus, podemos aprender a responder com raz\u00e3o em vez de rea\u00e7\u00e3o. Essa transforma\u00e7\u00e3o n\u00e3o acontece da noite para o dia; ela se desenvolve diariamente \u00e0 medida que nos ancoramos em Sua Palavra e seguimos Sua orienta\u00e7\u00e3o.<\/p>\n<p style=\"text-align: justify;\">Suas rea\u00e7\u00f5es est\u00e3o lhe causando problemas? Voc\u00ea precisa de for\u00e7a e dire\u00e7\u00e3o para superar seus impulsos? <strong>Nas reuni\u00f5es de domingo de manh\u00e3<\/strong> na Igreja Universal, ensinamos como desenvolver uma comunh\u00e3o mais profunda com Deus \u2013 uma conex\u00e3o que proporciona clareza e for\u00e7a interior para agir com sabedoria nas situa\u00e7\u00f5es do dia a dia, permitindo que a f\u00e9 inteligente o guie em vez de ser controlado por suas emo\u00e7\u00f5es.<\/p>\n<p style=\"text-align: justify;\">Neste <strong>domingo, 12 de outubro<\/strong>, realizaremos <strong>O Dia da Audi\u00eancia Particular com Deus.<\/strong> <span style=\"color: #00ccff;\"><a style=\"color: #00ccff;\" href=\"https:\/\/www.uckg.org\/pt\/o-dia-da-audiencia-particular-com-deus\/\">Clique aqui<\/a><\/span> para mais detalhes e junte-se a n\u00f3s na Igreja Universal mais perto de voc\u00ea.<\/p>\n<p><strong>\u00a0<\/strong><\/p>\n<p><strong>Evento: Reuni\u00e3o de Domingo de manh\u00e3<\/strong><\/p>\n<p><strong>Data e hor\u00e1rio: <\/strong>Domingos \u00e0s 10am (tamb\u00e9m \u00e0s 7:30am)<\/p>\n<p><strong>Local: <\/strong>Na<span style=\"color: #00ccff;\"> Igreja Universal <\/span>mais perto de voc\u00ea<\/p>\n<p>&nbsp;<\/p>\n<p>Fontes:<span style=\"color: #00ccff;\"> <a style=\"color: #00ccff;\" href=\"https:\/\/www.reuters.com\/sports\/ex-nfl-qb-mark-sanchez-charged-with-felony-battery--flm-2025-10-06\" target=\"_blank\" rel=\"noopener\">https:\/\/www.reuters.com\/sports\/ex-nfl-qb-mark-sanchez-charged-with-felony-battery&#8211;flm-2025-10-06<\/a><\/span><\/p>\n<p><span style=\"color: #00ccff;\"><a style=\"color: #00ccff;\" href=\"https:\/\/people.com\/mark-sanchez-charged-felony-facing-prison-time-stabbing-incident-11824917\" target=\"_blank\" rel=\"noopener\">https:\/\/people.com\/mark-sanchez-charged-felony-facing-prison-time-stabbing-incident-11824917<\/a><\/span><\/p>\n","protected":false},"excerpt":{"rendered":"<p>&nbsp; Vivemos em tempos estressantes, onde \u00e9 cada vez mais comum que as pessoas percam o controle por causa de pequenos desentendimentos. Seja na estrada, no trabalho ou em casa, [&hellip;]<\/p>\n","protected":false},"author":34,"featured_media":2716625,"comment_status":"open","ping_status":"open","sticky":false,"template":"","format":"standard","meta":{"give_campaign_id":0,"_monsterinsights_skip_tracking":false,"_monsterinsights_sitenote_active":false,"_monsterinsights_sitenote_note":"","_monsterinsights_sitenote_category":0,"footnotes":""},"categories":[658,6087],"tags":[],"class_list":["post-2716624","post","type-post","status-publish","format-standard","has-post-thumbnail","hentry","category-noticias-do-mundo","category-ultimas-noticias"],"_links":{"self":[{"href":"https:\/\/www.uckg.org\/pt\/wp-json\/wp\/v2\/posts\/2716624","targetHints":{"allow":["GET"]}}],"collection":[{"href":"https:\/\/www.uckg.org\/pt\/wp-json\/wp\/v2\/posts"}],"about":[{"href":"https:\/\/www.uckg.org\/pt\/wp-json\/wp\/v2\/types\/post"}],"author":[{"embeddable":true,"href":"https:\/\/www.uckg.org\/pt\/wp-json\/wp\/v2\/users\/34"}],"replies":[{"embeddable":true,"href":"https:\/\/www.uckg.org\/pt\/wp-json\/wp\/v2\/comments?post=2716624"}],"version-history":[{"count":3,"href":"https:\/\/www.uckg.org\/pt\/wp-json\/wp\/v2\/posts\/2716624\/revisions"}],"predecessor-version":[{"id":2716632,"href":"https:\/\/www.uckg.org\/pt\/wp-json\/wp\/v2\/posts\/2716624\/revisions\/2716632"}],"wp:featuredmedia":[{"embeddable":true,"href":"https:\/\/www.uckg.org\/pt\/wp-json\/wp\/v2\/media\/2716625"}],"wp:attachment":[{"href":"https:\/\/www.uckg.org\/pt\/wp-json\/wp\/v2\/media?parent=2716624"}],"wp:term":[{"taxonomy":"category","embeddable":true,"href":"https:\/\/www.uckg.org\/pt\/wp-json\/wp\/v2\/categories?post=2716624"},{"taxonomy":"post_tag","embeddable":true,"href":"https:\/\/www.uckg.org\/pt\/wp-json\/wp\/v2\/tags?post=2716624"}],"curies":[{"name":"wp","href":"https:\/\/api.w.org\/{rel}","templated":true}]}}