{"id":2715831,"date":"2025-06-24T17:09:19","date_gmt":"2025-06-24T16:09:19","guid":{"rendered":"https:\/\/www.uckg.org\/pt\/?p=2715831"},"modified":"2025-06-24T17:09:19","modified_gmt":"2025-06-24T16:09:19","slug":"parlamento-do-reino-unido-vota-a-favor-da-legalizacao-da-morte-assistida","status":"publish","type":"post","link":"https:\/\/www.uckg.org\/pt\/parlamento-do-reino-unido-vota-a-favor-da-legalizacao-da-morte-assistida\/","title":{"rendered":"Parlamento do Reino Unido Vota a Favor da Legaliza\u00e7\u00e3o da Morte Assistida"},"content":{"rendered":"<p><a href=\"https:\/\/www.uckg.org\/pt\/wp-content\/uploads\/2025\/06\/Voting.jpg\"><img fetchpriority=\"high\" decoding=\"async\" class=\"alignnone size-full wp-image-2715832\" src=\"https:\/\/www.uckg.org\/pt\/wp-content\/uploads\/2025\/06\/Voting.jpg\" alt=\"\" width=\"862\" height=\"354\" title=\"\" srcset=\"https:\/\/www.uckg.org\/pt\/wp-content\/uploads\/2025\/06\/Voting.jpg 862w, https:\/\/www.uckg.org\/pt\/wp-content\/uploads\/2025\/06\/Voting-300x123.jpg 300w, https:\/\/www.uckg.org\/pt\/wp-content\/uploads\/2025\/06\/Voting-768x315.jpg 768w, https:\/\/www.uckg.org\/pt\/wp-content\/uploads\/2025\/06\/Voting-500x205.jpg 500w\" sizes=\"(max-width: 862px) 100vw, 862px\" \/><\/a><\/p>\n<p style=\"text-align: justify;\">Quase sete meses ap\u00f3s ter sido debatido pela primeira vez, o projeto de lei \u201cTerminally Ill Adults (End of Life) Bill\u201d (Projeto de Lei para Adultos Terminais \u2013 Fim da Vida) concluiu todas as suas etapas na C\u00e2mara dos Comuns.<\/p>\n<p style=\"text-align: justify;\">Na sexta-feira, 20 de junho, o Parlamento do Reino Unido votou a favor de um projeto que poder\u00e1 legalizar a morte assistida \u2013 uma mudan\u00e7a significativa nas leis do pa\u00eds em rela\u00e7\u00e3o \u00e0 vida e \u00e0 morte. O projeto foi aprovado com 314 votos contra 291, uma diferen\u00e7a de apenas 23 votos, marcando uma das mudan\u00e7as sociais mais relevantes no Reino Unido nas \u00faltimas d\u00e9cadas.<\/p>\n<p style=\"text-align: justify;\">A nova legisla\u00e7\u00e3o permite que adultos mentalmente capazes, com 18 anos ou mais, residentes na Inglaterra e no Pa\u00eds de Gales, que estejam em est\u00e1gio terminal com uma expectativa de vida de seis meses ou menos, optem por encerrar suas vidas com assist\u00eancia m\u00e9dica.<\/p>\n<p style=\"text-align: justify;\">Do lado de fora do Parlamento, a emo\u00e7\u00e3o era vis\u00edvel quando o resultado foi anunciado. Apoiadores do projeto comemoraram com aplausos, sorrisos e abra\u00e7os. No entanto, nem todos partilharam dessa alegria. Muitos opositores permaneceram em sil\u00eancio, alguns visivelmente abalados. H\u00e1 quem tema que a legaliza\u00e7\u00e3o da morte assistida possa gerar press\u00e3o sobre idosos, pacientes graves ou pessoas que se sintam um peso para os outros, levando-as a optar pela morte como sa\u00edda.<\/p>\n<p style=\"text-align: justify;\">Essa vota\u00e7\u00e3o acontece uma d\u00e9cada ap\u00f3s a rejei\u00e7\u00e3o de uma proposta semelhante. Com pa\u00edses como Canad\u00e1, Austr\u00e1lia e diversos estados norte-americanos j\u00e1 adotando leis semelhantes, o Reino Unido parece seguir o mesmo caminho.<\/p>\n<p style=\"text-align: justify;\">Tamb\u00e9m tem havido discuss\u00f5es sobre o poss\u00edvel impacto financeiro no sistema de cuidados paliativos, com estimativas indicando que o NHS (sistema de sa\u00fade brit\u00e2nico) poderia economizar entre \u00a35,8 milh\u00f5es e \u00a359,6 milh\u00f5es em dez anos. Mas eis uma pergunta crucial: \u00e9 poss\u00edvel colocar um pre\u00e7o em uma alma?<\/p>\n<p style=\"text-align: justify;\">No Evangelho de Jo\u00e3o, lemos sobre L\u00e1zaro, um homem que ficou t\u00e3o doente que chegou a morrer. Suas irm\u00e3s, Marta e Maria, estavam desoladas, mas ainda assim procuraram Jesus. Apesar de tudo parecer perdido, elas n\u00e3o desistiram. E Jesus disse algo poderoso:<br \/>\n<strong>\u201cN\u00e3o te disse que, se creres, ver\u00e1s a gl\u00f3ria de Deus?\u201d<\/strong> (<em>Jo\u00e3o 11:40<\/em>)<br \/>\nElas escolheram crer \u2014 e o milagre aconteceu.<\/p>\n<p style=\"text-align: justify;\">Talvez hoje voc\u00ea esteja enfrentando algo que parece ser o fim. Mas e se, assim como no caso de L\u00e1zaro, n\u00e3o for o fim, e sim o in\u00edcio de um milagre?<\/p>\n<p style=\"text-align: justify;\">Por isso, convidamos voc\u00ea para participar da &#8220;Novena da Profecia<strong>&#8220;<\/strong> nesta ter\u00e7a-feira, como um complemento ao tratamento m\u00e9dico que voc\u00ea possa estar recebendo. Vamos orar juntos, crer juntos e declarar vida sobre situa\u00e7\u00f5es que parecem sem solu\u00e7\u00e3o. Cremos que o sofrimento n\u00e3o ter\u00e1 a \u00faltima palavra, e que sua situa\u00e7\u00e3o pode glorificar a Deus.<\/p>\n<p style=\"text-align: justify;\">Voc\u00ea cr\u00ea?<\/p>\n<p><strong>Evento<\/strong>: Novena da Profecia<br \/>\n<strong>Data e Hor\u00e1rio<\/strong>: Ter\u00e7as-feiras, \u00e0s 7:30pm (tamb\u00e9m \u00e0s 10am,12pm e 3pm)<br \/>\n<strong>Local:<\/strong>\u00a0Na\u00a0<span style=\"color: #00ccff;\"><a style=\"color: #00ccff;\" href=\"https:\/\/www.uckg.org\/pt\/reino-unido-locais\/\">Igreja Universal\u00a0<\/a><\/span>mais perto de voc\u00ea<\/p>\n<p><em><strong>Nota: A Igreja Universal do Reino de Deus (IURD) \u00e9 um minist\u00e9rio crist\u00e3o e institui\u00e7\u00e3o de caridade registrada<\/strong><\/em><strong><em> (n\u00ba 1043985). Os conselhos espirituais da Universal devem ser vistos como um complemento ao tratamento m\u00e9dico que voc\u00ea porventura possa estar recebendo. A Igreja Universal n\u00e3o afirma curar as pessoas, mas acredita que Deus pode fazer isso atrav\u00e9s do poder da f\u00e9. Sempre siga os conselhos do seu m\u00e9dico.<\/em><\/strong><\/p>\n<p>&nbsp;<\/p>\n<p><strong>Fontes:<\/strong><\/p>\n<p><span style=\"color: #00ccff;\"><a style=\"color: #00ccff;\" href=\"https:\/\/www.bbc.co.uk\/news\/live\/cg4ry0pge4kt\" target=\"_blank\" rel=\"noopener\">https:\/\/www.bbc.co.uk\/news\/live\/cg4ry0pge4kt<\/a><\/span><\/p>\n<p><span style=\"color: #00ccff;\"><a style=\"color: #00ccff;\" href=\"https:\/\/www.reuters.com\/world\/uk\/british-lawmakers-vote-landmark-assisted-dying-law-2025-06-19\/\" target=\"_blank\" rel=\"noopener\">https:\/\/www.reuters.com\/world\/uk\/british-lawmakers-vote-landmark-assisted-dying-law-2025-06-19\/<\/a><\/span><\/p>\n<p><span style=\"color: #00ccff;\"><a style=\"color: #00ccff;\" href=\"https:\/\/www.bbc.co.uk\/news\/articles\/czjnzz7kvdlo\" target=\"_blank\" rel=\"noopener\">https:\/\/www.bbc.co.uk\/news\/articles\/czjnzz7kvdlo<\/a><\/span><\/p>\n<p>&nbsp;<\/p>\n","protected":false},"excerpt":{"rendered":"<p>Quase sete meses ap\u00f3s ter sido debatido pela primeira vez, o projeto de lei \u201cTerminally Ill Adults (End of Life) Bill\u201d (Projeto de Lei para Adultos Terminais \u2013 Fim da [&hellip;]<\/p>\n","protected":false},"author":34,"featured_media":2715832,"comment_status":"open","ping_status":"open","sticky":false,"template":"","format":"standard","meta":{"give_campaign_id":0,"_monsterinsights_skip_tracking":false,"_monsterinsights_sitenote_active":false,"_monsterinsights_sitenote_note":"","_monsterinsights_sitenote_category":0,"footnotes":""},"categories":[1088,658,6087],"tags":[],"class_list":["post-2715831","post","type-post","status-publish","format-standard","has-post-thumbnail","hentry","category-noticias-da-comunidade","category-noticias-do-mundo","category-ultimas-noticias"],"_links":{"self":[{"href":"https:\/\/www.uckg.org\/pt\/wp-json\/wp\/v2\/posts\/2715831","targetHints":{"allow":["GET"]}}],"collection":[{"href":"https:\/\/www.uckg.org\/pt\/wp-json\/wp\/v2\/posts"}],"about":[{"href":"https:\/\/www.uckg.org\/pt\/wp-json\/wp\/v2\/types\/post"}],"author":[{"embeddable":true,"href":"https:\/\/www.uckg.org\/pt\/wp-json\/wp\/v2\/users\/34"}],"replies":[{"embeddable":true,"href":"https:\/\/www.uckg.org\/pt\/wp-json\/wp\/v2\/comments?post=2715831"}],"version-history":[{"count":2,"href":"https:\/\/www.uckg.org\/pt\/wp-json\/wp\/v2\/posts\/2715831\/revisions"}],"predecessor-version":[{"id":2715834,"href":"https:\/\/www.uckg.org\/pt\/wp-json\/wp\/v2\/posts\/2715831\/revisions\/2715834"}],"wp:featuredmedia":[{"embeddable":true,"href":"https:\/\/www.uckg.org\/pt\/wp-json\/wp\/v2\/media\/2715832"}],"wp:attachment":[{"href":"https:\/\/www.uckg.org\/pt\/wp-json\/wp\/v2\/media?parent=2715831"}],"wp:term":[{"taxonomy":"category","embeddable":true,"href":"https:\/\/www.uckg.org\/pt\/wp-json\/wp\/v2\/categories?post=2715831"},{"taxonomy":"post_tag","embeddable":true,"href":"https:\/\/www.uckg.org\/pt\/wp-json\/wp\/v2\/tags?post=2715831"}],"curies":[{"name":"wp","href":"https:\/\/api.w.org\/{rel}","templated":true}]}}