{"id":2713628,"date":"2025-04-12T06:00:57","date_gmt":"2025-04-12T05:00:57","guid":{"rendered":"https:\/\/www.uckg.org\/pt\/?p=2713628"},"modified":"2025-04-11T11:42:35","modified_gmt":"2025-04-11T10:42:35","slug":"voce-sabe-o-que-e-o-domingo-de-ramos","status":"publish","type":"post","link":"https:\/\/www.uckg.org\/pt\/voce-sabe-o-que-e-o-domingo-de-ramos\/","title":{"rendered":"Voc\u00ea sabe o que \u00e9 o Domingo de Ramos?"},"content":{"rendered":"<p><a href=\"https:\/\/www.uckg.org\/pt\/wp-content\/uploads\/2025\/04\/Palm-branch.jpg\"><img fetchpriority=\"high\" decoding=\"async\" class=\"alignnone size-full wp-image-2713629\" src=\"https:\/\/www.uckg.org\/pt\/wp-content\/uploads\/2025\/04\/Palm-branch.jpg\" alt=\"\" width=\"862\" height=\"354\" title=\"\" srcset=\"https:\/\/www.uckg.org\/pt\/wp-content\/uploads\/2025\/04\/Palm-branch.jpg 862w, https:\/\/www.uckg.org\/pt\/wp-content\/uploads\/2025\/04\/Palm-branch-300x123.jpg 300w, https:\/\/www.uckg.org\/pt\/wp-content\/uploads\/2025\/04\/Palm-branch-768x315.jpg 768w, https:\/\/www.uckg.org\/pt\/wp-content\/uploads\/2025\/04\/Palm-branch-500x205.jpg 500w\" sizes=\"(max-width: 862px) 100vw, 862px\" \/><\/a><\/p>\n<p style=\"text-align: justify;\">O Domingo de Ramos \u00e9 um dia poderoso no calend\u00e1rio crist\u00e3o. Ele marca a Entrada Triunfal do Senhor Jesus Cristo em Jerusal\u00e9m, poucos dias antes de Sua crucifica\u00e7\u00e3o e ressurrei\u00e7\u00e3o. Ele foi recebido por uma grande multid\u00e3o que O honrou como Rei.<\/p>\n<p style=\"text-align: justify;\"><strong>\u201cNo dia seguinte, uma grande multid\u00e3o, que viera \u00e0 festa, ouvindo que Jesus vinha a Jerusal\u00e9m, tomou ramos de palmeiras, e saiu-lhe ao encontro, e clamava: Hosana!<\/strong><\/p>\n<p style=\"text-align: justify;\"><strong>Bendito o Rei de Israel que vem em nome do Senhor<\/strong>.\u201d (Jo\u00e3o 12:12-13)<\/p>\n<p style=\"text-align: justify;\"><strong>O que isso significa para voc\u00ea hoje?<\/strong><\/p>\n<p style=\"text-align: justify;\">Neste domingo, voc\u00ea tem a oportunidade de fazer o mesmo que as multid\u00f5es fizeram naquele dia hist\u00f3rico \u2014 n\u00e3o ficando nas portas de Jerusal\u00e9m, mas abrindo as portas do seu cora\u00e7\u00e3o.<\/p>\n<p style=\"text-align: justify;\">Quando voc\u00ea convida o Senhor Jesus a entrar, Ele transforma tudo ao Seu redor. Assim como entrou triunfante em Jerusal\u00e9m, Ele pode entrar na sua vida para trazer paz onde h\u00e1 ang\u00fastia, alegria onde h\u00e1 tristeza, restaura\u00e7\u00e3o onde h\u00e1 perdas e salva\u00e7\u00e3o onde h\u00e1 desespero. O sofrimento encontra um ponto final, a confus\u00e3o d\u00e1 lugar \u00e0 clareza e a esperan\u00e7a renasce onde antes havia escurid\u00e3o. Ao receb\u00ea-Lo, voc\u00ea passa a fazer parte da fam\u00edlia de Deus e come\u00e7a a caminhar sob a dire\u00e7\u00e3o segura e amorosa do Senhor.<\/p>\n<p style=\"text-align: justify;\"><strong>Em qual \u00e1rea da sua vida voc\u00ea gostaria que Deus entrasse?<\/strong><\/p>\n<p style=\"text-align: justify;\">Seria na sua fam\u00edlia, nas suas finan\u00e7as, bem-estar, vida espiritual, amorosa ou talvez outra \u00e1rea?<\/p>\n<p style=\"text-align: justify;\">Tire um momento para refletir. Escreva em um peda\u00e7o de papel. Esse simples ato de f\u00e9 demonstra sua disposi\u00e7\u00e3o em abrir a porta para o Senhor.<\/p>\n<p style=\"text-align: justify;\">Depois, traga esse papel com voc\u00ea \u00e0 sua Igreja Universal mais pr\u00f3xima neste domingo. Venha com um ramo de palmeira, que ser\u00e1 ungido na reuni\u00e3o. Esse ser\u00e1 o seu s\u00edmbolo de vit\u00f3ria, uma declara\u00e7\u00e3o de que Deus entrar\u00e1 triunfantemente na sua vida.<\/p>\n<p style=\"text-align: justify;\">Tamb\u00e9m participaremos da Santa Ceia, um momento perfeito para se entregar a Ele, renovar a sua f\u00e9 e determinar um novo come\u00e7o.<\/p>\n<p><strong>Evento:<\/strong> Domingo de Ramos<\/p>\n<p><strong>Data e Hor\u00e1rio:<\/strong> Domingo, 13 de abril, \u00e0s 10am (tamb\u00e9m \u00e0s 7:30am)<\/p>\n<p><strong>Local:<\/strong> Na <span style=\"color: #00ccff;\"><a style=\"color: #00ccff;\" href=\"https:\/\/www.uckg.org\/pt\/reino-unido-locais\/\">Igreja Universal<\/a> <\/span>mais pr\u00f3xima de voc\u00ea<\/p>\n<p>&nbsp;<\/p>\n","protected":false},"excerpt":{"rendered":"<p>O Domingo de Ramos \u00e9 um dia poderoso no calend\u00e1rio crist\u00e3o. Ele marca a Entrada Triunfal do Senhor Jesus Cristo em Jerusal\u00e9m, poucos dias antes de Sua crucifica\u00e7\u00e3o e ressurrei\u00e7\u00e3o. [&hellip;]<\/p>\n","protected":false},"author":34,"featured_media":2713629,"comment_status":"open","ping_status":"open","sticky":false,"template":"","format":"standard","meta":{"give_campaign_id":0,"_monsterinsights_skip_tracking":false,"_monsterinsights_sitenote_active":false,"_monsterinsights_sitenote_note":"","_monsterinsights_sitenote_category":0,"footnotes":""},"categories":[1,657,1088,658,6087],"tags":[],"class_list":["post-2713628","post","type-post","status-publish","format-standard","has-post-thumbnail","hentry","category-uncategorised","category-noticias","category-noticias-da-comunidade","category-noticias-do-mundo","category-ultimas-noticias"],"_links":{"self":[{"href":"https:\/\/www.uckg.org\/pt\/wp-json\/wp\/v2\/posts\/2713628","targetHints":{"allow":["GET"]}}],"collection":[{"href":"https:\/\/www.uckg.org\/pt\/wp-json\/wp\/v2\/posts"}],"about":[{"href":"https:\/\/www.uckg.org\/pt\/wp-json\/wp\/v2\/types\/post"}],"author":[{"embeddable":true,"href":"https:\/\/www.uckg.org\/pt\/wp-json\/wp\/v2\/users\/34"}],"replies":[{"embeddable":true,"href":"https:\/\/www.uckg.org\/pt\/wp-json\/wp\/v2\/comments?post=2713628"}],"version-history":[{"count":1,"href":"https:\/\/www.uckg.org\/pt\/wp-json\/wp\/v2\/posts\/2713628\/revisions"}],"predecessor-version":[{"id":2713630,"href":"https:\/\/www.uckg.org\/pt\/wp-json\/wp\/v2\/posts\/2713628\/revisions\/2713630"}],"wp:featuredmedia":[{"embeddable":true,"href":"https:\/\/www.uckg.org\/pt\/wp-json\/wp\/v2\/media\/2713629"}],"wp:attachment":[{"href":"https:\/\/www.uckg.org\/pt\/wp-json\/wp\/v2\/media?parent=2713628"}],"wp:term":[{"taxonomy":"category","embeddable":true,"href":"https:\/\/www.uckg.org\/pt\/wp-json\/wp\/v2\/categories?post=2713628"},{"taxonomy":"post_tag","embeddable":true,"href":"https:\/\/www.uckg.org\/pt\/wp-json\/wp\/v2\/tags?post=2713628"}],"curies":[{"name":"wp","href":"https:\/\/api.w.org\/{rel}","templated":true}]}}