{"id":2713005,"date":"2025-02-19T06:00:39","date_gmt":"2025-02-19T06:00:39","guid":{"rendered":"https:\/\/www.uckg.org\/pt\/?p=2713005"},"modified":"2025-02-17T11:32:58","modified_gmt":"2025-02-17T11:32:58","slug":"a-navegacao-excessiva-pelo-feed-nos-celulares-pode-atingir-ate-92-metros-por-dia","status":"publish","type":"post","link":"https:\/\/www.uckg.org\/pt\/a-navegacao-excessiva-pelo-feed-nos-celulares-pode-atingir-ate-92-metros-por-dia\/","title":{"rendered":"A navega\u00e7\u00e3o excessiva pelo feed nos celulares pode atingir at\u00e9 92 metros por dia"},"content":{"rendered":"<div class=\"page\" title=\"Page 1\">\n<div class=\"layoutArea\">\n<div class=\"column\">\n<p style=\"text-align: justify;\"><a href=\"https:\/\/www.uckg.org\/pt\/wp-content\/uploads\/2025\/02\/News-1.png\"><img fetchpriority=\"high\" decoding=\"async\" class=\"alignnone size-full wp-image-2713006\" src=\"https:\/\/www.uckg.org\/pt\/wp-content\/uploads\/2025\/02\/News-1.png\" alt=\"\" width=\"862\" height=\"354\" title=\"\" srcset=\"https:\/\/www.uckg.org\/pt\/wp-content\/uploads\/2025\/02\/News-1.png 862w, https:\/\/www.uckg.org\/pt\/wp-content\/uploads\/2025\/02\/News-1-300x123.png 300w, https:\/\/www.uckg.org\/pt\/wp-content\/uploads\/2025\/02\/News-1-768x315.png 768w, https:\/\/www.uckg.org\/pt\/wp-content\/uploads\/2025\/02\/News-1-500x205.png 500w\" sizes=\"(max-width: 862px) 100vw, 862px\" \/><\/a><\/p>\n<p style=\"text-align: justify;\"><span style=\"font-size: 12.000000pt; font-family: 'Calibri';\">Ficar deslizando o dedo na tela do celular, passando por feeds intermina\u0301veis, ja\u0301 virou rotina para muita gente. Um estudo recente publicado na Science Direct revela que as pessoas navegam aproximadamente 92 metros de conteu\u0301do de mi\u0301dia social diariamente \u2014 equivalente a\u0300 altura da Esta\u0301tua da Liberdade nos Estados Unidos. <\/span><\/p>\n<p style=\"text-align: justify;\"><span style=\"font-size: 12.000000pt; font-family: 'Calibri';\">Esse ha\u0301bito de rolar incessantemente o dedo pelo celular inclui horas consumindo noti\u0301cias negativas, uma tende\u0302ncia conhecida como \u201cdoomscrolling\u201d. Esse comportamento pode ser tanto angustiante quanto difi\u0301cil de abandonar. De acordo com o artigo da Science Direct, a maioria das pessoas se envolve nessa pra\u0301tica casualmente, mas acaba formando opinio\u0303es dentro desse ambiente virtual. <\/span><\/p>\n<p style=\"text-align: justify;\"><span style=\"font-size: 12.000000pt; font-family: 'Calibri';\">O artigo sugere que as opinio\u0303es das pessoas sa\u0303o frequentemente moldadas pelos indivi\u0301duos mais radicais e pelo conteu\u0301do mais extremo exibido na tela, o que leva muitos a acreditar erroneamente que essas viso\u0303es sa\u0303o universalmente compartilhadas. Na realidade, e\u0301 justamente o conteu\u0301do mais alarmante, pole\u0302mico e extremista que ganha destaque nas redes sociais, pois gera maior engajamento e, consequentemente, mais receita para as empresas proprieta\u0301rias dessas plataformas. <\/span><\/p>\n<p style=\"text-align: justify;\"><span style=\"font-size: 12.000000pt; font-family: 'Calibri';\">O psico\u0301logo Claudio Akimoto explica que as redes sociais ja\u0301 sa\u0303o projetadas para manter os usua\u0301rios conectados por horas: \u201cO objetivo e\u0301 capturar o ma\u0301ximo do nosso tempo e atenc\u0327a\u0303o possi\u0301vel. Vivemos em um mundo onde a sociedade incentiva e favorece a busca por pequenos prazeres ra\u0301pidos, como olhar o celular no elevador, no banheiro ou antes de dormir. Esses pequenos prazeres facilitam a invasa\u0303o das redes sociais em nossas vidas e ocupam espac\u0327o.\u201d <\/span><\/p>\n<p style=\"text-align: justify;\"><span style=\"font-size: 12.000000pt; font-family: 'Calibri';\">Ele explica que, no ini\u0301cio das redes sociais, havia uma linha do tempo que exibia os conteu\u0301dos em ordem cronolo\u0301gica \u2014 o primeiro a postar aparecia primeiro. Hoje, com o feed e seu fluxo intermina\u0301vel de conteu\u0301do, na\u0303o existe mais essa ordem cronolo\u0301gica. O algoritmo embaralha o conteu\u0301do conforme o que considera mais eficaz, criando a ilusa\u0303o de um conteu\u0301do infinito. \u201cQuando o algoritmo pode embaralhar, ele sempre consegue destacar algo novo, criando a ilusa\u0303o de que sempre ha\u0301 mais por vir.\u201d <\/span><\/p>\n<p style=\"text-align: justify;\"><span style=\"font-size: 12.000000pt; font-family: 'Calibri';\">Akimoto ressalta que os usua\u0301rios se enganam ao pensar que as redes sociais oferecem um momento de descanso. Na realidade, e\u0301 um momento muito estressante. Longe de ser repousante, o tempo gasto rolando nas redes sociais e\u0301 mentalmente exaustivo. A enxurrada constante de conteu\u0301do em ra\u0301pida mudanc\u0327a forc\u0327a o ce\u0301rebro a trabalhar em excesso, levando a um estado conhecido como \u201cce\u0301rebro rot\u201d, em que o ce\u0301rebro fica sobrecarregado e fatigado. <\/span><\/p>\n<p style=\"text-align: justify;\"><span style=\"font-size: 12.000000pt; font-family: 'Calibri';\">Akimoto aconselha que abandonar o uso do celular da noite para o dia e\u0301 improva\u0301vel de funcionar, pois as recai\u0301das sa\u0303o comuns. Em vez disso, ele sugere estabelecer limites de tempo de tela e estar consciente do uso. Os pais devem monitorar ativamente a atividade de seus filhos nas redes sociais. <\/span><\/p>\n<p style=\"text-align: justify;\"><span style=\"font-size: 12.000000pt; font-family: 'Calibri';\">Sem o domi\u0301nio pro\u0301prio, o tempo gasto nas telas do celular so\u0301 aumentara\u0301, com se\u0301rias conseque\u0302ncias para a sociedade. <\/span><\/p>\n<\/div>\n<\/div>\n<\/div>\n<div class=\"page\" title=\"Page 2\">\n<div class=\"layoutArea\">\n<div class=\"column\">\n<p style=\"text-align: justify;\"><span style=\"font-size: 12.000000pt; font-family: 'Calibri';\">O domi\u0301nio pro\u0301prio e\u0301 essencial para nossa caminhada com o Senhor Jesus. Ele e\u0301 uma das virtudes concedidas pelo Espi\u0301rito Santo, conforme descrito em Ga\u0301latas 5:23. Uma das formas mais eficazes de desenvolver essa virtude e\u0301 buscando continuamente a presenc\u0327a do Espi\u0301rito Santo. <\/span><\/p>\n<p style=\"text-align: justify;\"><span style=\"font-size: 12.000000pt; font-family: 'Calibri';\">Por isso, convidamos voce\u0302 a participar todas as quartas-feiras a\u0300s 7:30pm (tambe\u0301m a\u0300s 10am, 12pm e 3pm) em uma Igreja Universal pro\u0301xima de voce\u0302. Essas reunio\u0303es sa\u0303o projetadas para ajuda\u0301-lo a aprofundar seu relacionamento com Deus e fortalecer sua comunha\u0303o com o Espi\u0301rito Santo. <\/span><\/p>\n<p style=\"text-align: justify;\"><span style=\"font-size: 12.000000pt; font-family: 'Calibri';\"><span style=\"color: #00ccff;\"><a style=\"color: #00ccff;\" href=\"https:\/\/www.uckg.org\/pt\/reino-unido-locais\/\">Clique aqui<\/a><\/span> para encontrar a Igreja Universal mais pro\u0301xima, ou entre em contato com nossa Linha de Ajuda 24h pelo nu\u0301mero<strong> 020 7272 1010<\/strong> para mais informac\u0327o\u0303es. <\/span><\/p>\n<p><span style=\"font-size: 12.000000pt; font-family: 'Calibri';\"><strong>Fonte:<\/strong> https:\/\/www.sciencedirect.com\/science\/article\/abs\/pii\/S2352250X24001313 <\/span><\/p>\n<\/div>\n<\/div>\n<\/div>\n","protected":false},"excerpt":{"rendered":"<p>Ficar deslizando o dedo na tela do celular, passando por feeds intermina\u0301veis, ja\u0301 virou rotina para muita gente. Um estudo recente publicado na Science Direct revela que as pessoas navegam [&hellip;]<\/p>\n","protected":false},"author":34,"featured_media":2713006,"comment_status":"open","ping_status":"open","sticky":false,"template":"","format":"standard","meta":{"give_campaign_id":0,"_monsterinsights_skip_tracking":false,"_monsterinsights_sitenote_active":false,"_monsterinsights_sitenote_note":"","_monsterinsights_sitenote_category":0,"footnotes":""},"categories":[657,1088,658,6087],"tags":[],"class_list":["post-2713005","post","type-post","status-publish","format-standard","has-post-thumbnail","hentry","category-noticias","category-noticias-da-comunidade","category-noticias-do-mundo","category-ultimas-noticias"],"_links":{"self":[{"href":"https:\/\/www.uckg.org\/pt\/wp-json\/wp\/v2\/posts\/2713005","targetHints":{"allow":["GET"]}}],"collection":[{"href":"https:\/\/www.uckg.org\/pt\/wp-json\/wp\/v2\/posts"}],"about":[{"href":"https:\/\/www.uckg.org\/pt\/wp-json\/wp\/v2\/types\/post"}],"author":[{"embeddable":true,"href":"https:\/\/www.uckg.org\/pt\/wp-json\/wp\/v2\/users\/34"}],"replies":[{"embeddable":true,"href":"https:\/\/www.uckg.org\/pt\/wp-json\/wp\/v2\/comments?post=2713005"}],"version-history":[{"count":1,"href":"https:\/\/www.uckg.org\/pt\/wp-json\/wp\/v2\/posts\/2713005\/revisions"}],"predecessor-version":[{"id":2713007,"href":"https:\/\/www.uckg.org\/pt\/wp-json\/wp\/v2\/posts\/2713005\/revisions\/2713007"}],"wp:featuredmedia":[{"embeddable":true,"href":"https:\/\/www.uckg.org\/pt\/wp-json\/wp\/v2\/media\/2713006"}],"wp:attachment":[{"href":"https:\/\/www.uckg.org\/pt\/wp-json\/wp\/v2\/media?parent=2713005"}],"wp:term":[{"taxonomy":"category","embeddable":true,"href":"https:\/\/www.uckg.org\/pt\/wp-json\/wp\/v2\/categories?post=2713005"},{"taxonomy":"post_tag","embeddable":true,"href":"https:\/\/www.uckg.org\/pt\/wp-json\/wp\/v2\/tags?post=2713005"}],"curies":[{"name":"wp","href":"https:\/\/api.w.org\/{rel}","templated":true}]}}