{"id":103226,"date":"2022-11-02T20:24:59","date_gmt":"2022-11-02T19:24:59","guid":{"rendered":"https:\/\/www.uckg.org\/pt\/?p=103226"},"modified":"2023-05-18T10:23:47","modified_gmt":"2023-05-18T09:23:47","slug":"a-visita-missionaria-do-bispo-macedo","status":"publish","type":"post","link":"https:\/\/www.uckg.org\/pt\/a-visita-missionaria-do-bispo-macedo\/","title":{"rendered":"A visita Mission\u00e1ria do Bispo Macedo"},"content":{"rendered":"<p style=\"text-align: justify;\"><a href=\"https:\/\/www.uckg.org\/pt\/wp-content\/uploads\/2022\/11\/Bishop-missionary-visit.jpg\"><img fetchpriority=\"high\" decoding=\"async\" class=\"aligncenter wp-image-103227 size-full\" title=\"A visita Mission\u00e1ria do Bispo Macedo\" src=\"https:\/\/www.uckg.org\/pt\/wp-content\/uploads\/2022\/11\/Bishop-missionary-visit.jpg\" alt=\"A visita Mission\u00e1ria do Bispo Macedo\" width=\"862\" height=\"354\" srcset=\"https:\/\/www.uckg.org\/pt\/wp-content\/uploads\/2022\/11\/Bishop-missionary-visit.jpg 862w, https:\/\/www.uckg.org\/pt\/wp-content\/uploads\/2022\/11\/Bishop-missionary-visit-300x123.jpg 300w, https:\/\/www.uckg.org\/pt\/wp-content\/uploads\/2022\/11\/Bishop-missionary-visit-768x315.jpg 768w, https:\/\/www.uckg.org\/pt\/wp-content\/uploads\/2022\/11\/Bishop-missionary-visit-500x205.jpg 500w\" sizes=\"(max-width: 862px) 100vw, 862px\" \/><\/a><\/p>\n<p>No domingo, 30 de outubro, os participantes estavam ansiosos na fila do lado de fora \u00e0s 6am para garantir seus assentos na primeira fila para a reuni\u00e3o especial do Domingo da For\u00e7a com o Bispo Macedo.<\/p>\n<p style=\"text-align: justify;\">N\u00e3o demorou muito para a reuni\u00e3o das 7.30am no audit\u00f3rio principal ficar cheia, reuni\u00e3o que antecipa a das 10am. A parte superior e outras \u00e1reas do Teatro Rainbow logo ficaram cheias.<\/p>\n<p style=\"text-align: justify;\">O Bispo Domingos liderou a reuni\u00e3o profetizando e libertando em nome de Jesus. As que estavam presentes testemunharam e experimentaram o <a href=\"https:\/\/www.uckg.org\/pt\/duvidei-do-poder-de-deus\/\">poder de Deus<\/a>.<\/p>\n<p style=\"text-align: justify;\">A parte principal da reuni\u00e3o foi liderada pelo Bispo Macedo, que enfatizou a import\u00e2ncia de ter uma verdadeira comunh\u00e3o com Deus e a necessidade de investir em ter o Esp\u00edrito Santo. O Bispo leu Romanos 8:9, onde diz:<\/p>\n<p style=\"text-align: justify;\">\u201cV\u00f3s, por\u00e9m, n\u00e3o estais na carne, mas no Esp\u00edrito, se \u00e9 que o Esp\u00edrito de Deus habita em v\u00f3s. Mas, se algu\u00e9m n\u00e3o tem o Esp\u00edrito de Cristo, esse tal n\u00e3o \u00e9 dele.\u201d<\/p>\n<p style=\"text-align: justify;\">Os participantes deixaram esta reuni\u00e3o especial, com sua f\u00e9 renovada e revigorada. Foi de fato um domingo de for\u00e7a para quem escolheu investir em seu relacionamento com Deus.<\/p>\n<p style=\"text-align: justify;\">Veja os destaques no v\u00eddeo desta reuni\u00e3o especial:<\/p>\n<p style=\"text-align: justify;\"><iframe title=\"YouTube video player\" src=\"https:\/\/www.youtube.com\/embed\/PB_NPjOfgt0\" width=\"560\" height=\"315\" frameborder=\"0\" allowfullscreen=\"allowfullscreen\"><\/iframe><\/p>\n<p style=\"text-align: justify;\">* O conselho espiritual da Igreja Universal deve ser visto como um complemento ao tratamento cientificamente comprovado que voc\u00ea pode estar recebendo. A Igreja Universal n\u00e3o pretende curar as pessoas, mas acredita que Deus pode atrav\u00e9s do poder da f\u00e9.<\/p>\n","protected":false},"excerpt":{"rendered":"<p>No domingo, 30 de outubro, os participantes estavam ansiosos na fila do lado de fora \u00e0s 6am para garantir seus assentos na primeira fila para a reuni\u00e3o especial do Domingo da For\u00e7a com o Bispo Macedo.<\/p>\n","protected":false},"author":18,"featured_media":103227,"comment_status":"open","ping_status":"open","sticky":false,"template":"","format":"standard","meta":{"give_campaign_id":0,"_monsterinsights_skip_tracking":false,"_monsterinsights_sitenote_active":false,"_monsterinsights_sitenote_note":"","_monsterinsights_sitenote_category":0,"footnotes":""},"categories":[657,1088,6087],"tags":[1244],"class_list":["post-103226","post","type-post","status-publish","format-standard","has-post-thumbnail","hentry","category-noticias","category-noticias-da-comunidade","category-ultimas-noticias","tag-poder-de-deus"],"_links":{"self":[{"href":"https:\/\/www.uckg.org\/pt\/wp-json\/wp\/v2\/posts\/103226","targetHints":{"allow":["GET"]}}],"collection":[{"href":"https:\/\/www.uckg.org\/pt\/wp-json\/wp\/v2\/posts"}],"about":[{"href":"https:\/\/www.uckg.org\/pt\/wp-json\/wp\/v2\/types\/post"}],"author":[{"embeddable":true,"href":"https:\/\/www.uckg.org\/pt\/wp-json\/wp\/v2\/users\/18"}],"replies":[{"embeddable":true,"href":"https:\/\/www.uckg.org\/pt\/wp-json\/wp\/v2\/comments?post=103226"}],"version-history":[{"count":3,"href":"https:\/\/www.uckg.org\/pt\/wp-json\/wp\/v2\/posts\/103226\/revisions"}],"predecessor-version":[{"id":106390,"href":"https:\/\/www.uckg.org\/pt\/wp-json\/wp\/v2\/posts\/103226\/revisions\/106390"}],"wp:featuredmedia":[{"embeddable":true,"href":"https:\/\/www.uckg.org\/pt\/wp-json\/wp\/v2\/media\/103227"}],"wp:attachment":[{"href":"https:\/\/www.uckg.org\/pt\/wp-json\/wp\/v2\/media?parent=103226"}],"wp:term":[{"taxonomy":"category","embeddable":true,"href":"https:\/\/www.uckg.org\/pt\/wp-json\/wp\/v2\/categories?post=103226"},{"taxonomy":"post_tag","embeddable":true,"href":"https:\/\/www.uckg.org\/pt\/wp-json\/wp\/v2\/tags?post=103226"}],"curies":[{"name":"wp","href":"https:\/\/api.w.org\/{rel}","templated":true}]}}