{"id":50265,"date":"2016-02-02T11:08:01","date_gmt":"2016-02-02T11:08:01","guid":{"rendered":"http:\/\/www.uckg.org\/es\/?p=50265"},"modified":"2021-11-22T10:38:53","modified_gmt":"2021-11-22T09:38:53","slug":"como-vivir-por-la-fe","status":"publish","type":"post","link":"https:\/\/www.uckg.org\/es\/como-vivir-por-la-fe\/","title":{"rendered":"C\u00f3mo vivir por la fe"},"content":{"rendered":"<p><a title=\"C\u00f3mo vivir por la fe\" href=\"http:\/\/www.uckg.org\/es\/wp-content\/uploads\/2016\/02\/messages-inside-3.png\" rel=\"\"><img fetchpriority=\"high\" decoding=\"async\" class=\"aligncenter wp-image-50266 size-full\" title=\"C\u00f3mo vivir por la fe\" src=\"http:\/\/www.uckg.org\/es\/wp-content\/uploads\/2016\/02\/messages-inside-3.png\" alt=\"C\u00f3mo vivir por la fe\" width=\"883\" height=\"386\" \/><\/a><\/p>\n<p>\u00a1Abra sus ojos espirituales para entender la Palabra del Alt\u00edsimo y tenga coraje para obedecerla!<\/p>\n<p>El consejo de hoy es sobre c\u00f3mo vivir por la fe.<\/p>\n<p><em><strong>\u201cTodo lo que no proviene de fe, es pecado.\u201d<\/strong><\/em> Romanos 14:23<\/p>\n<p>Cuando se acueste, acu\u00e9stese por la fe. No se duerma pensando que no se despertar\u00e1 por la ma\u00f1ana. Al contrario, acu\u00e9stese pensando: \u00a1el <a href=\"https:\/\/www.uckg.org\/es\/recibir-el-espiritu-de-dios\/\">Esp\u00edritu de Dios<\/a> est\u00e1 conmigo!<\/p>\n<p>Cuando salga a trabajar, no deje que los pensamientos de duda ocupen su mente. Piense bien, piense lo que es bueno, piense que, si algo por acaso no sale bien durante el d\u00eda, aun as\u00ed, <a title=\"Cuartel general de la injusticia\" href=\"https:\/\/www.uckg.org\/es\/cuartel-general-de-la-injusticia\/\">el Dios Alt\u00edsimo<\/a> est\u00e1 con usted, y que todas las cosas que le sucedan hoy ser\u00e1n para su bien, porque est\u00e1 escrito en la Biblia que a los que aman a Dios, todas las cosas les ayudan a bien. (Romanos 8:28)<\/p>\n<p>\u00a1Haga este ejercicio de fe diariamente en TODO! Notar\u00e1 la diferencia.<\/p>\n<p>VIVIR POR LA FE ES VIVIR PENSANDO LOS PENSAMIENTOS DE DIOS cada segundo de su vida.<\/p>\n<p>Expulse el pensamiento de duda, de miedo y de preocupaci\u00f3n, sustituy\u00e9ndolo por el PENSAMIENTO DEL DIOS ETERNO.<\/p>\n<p>\u00a1Esto es vivir por <a title=\"La esencia de la fe inteligente\" href=\"https:\/\/www.uckg.org\/es\/la-esencia-de-la-fe-inteligente\/\">la fe inteligente<\/a>!<\/p>\n<p><strong>Bishop Edir Macedo<\/strong><br \/>\n<strong>www.bispomacedo.com.br\/es<\/strong><\/p>\n","protected":false},"excerpt":{"rendered":"<p>\u00a1Abra sus ojos espirituales para entender la Palabra del Alt\u00edsimo y tenga coraje para obedecerla!<\/p>\n","protected":false},"author":15,"featured_media":0,"comment_status":"open","ping_status":"open","sticky":false,"template":"","format":"standard","meta":{"give_campaign_id":0,"_monsterinsights_skip_tracking":false,"_monsterinsights_sitenote_active":false,"_monsterinsights_sitenote_note":"","_monsterinsights_sitenote_category":0,"footnotes":""},"categories":[655,662],"tags":[3103,3104],"class_list":["post-50265","post","type-post","status-publish","format-standard","hentry","category-mensajes","category-obispo-randal-brito","tag-el-dios-altisimo","tag-la-fe-inteligente"],"_links":{"self":[{"href":"https:\/\/www.uckg.org\/es\/wp-json\/wp\/v2\/posts\/50265","targetHints":{"allow":["GET"]}}],"collection":[{"href":"https:\/\/www.uckg.org\/es\/wp-json\/wp\/v2\/posts"}],"about":[{"href":"https:\/\/www.uckg.org\/es\/wp-json\/wp\/v2\/types\/post"}],"author":[{"embeddable":true,"href":"https:\/\/www.uckg.org\/es\/wp-json\/wp\/v2\/users\/15"}],"replies":[{"embeddable":true,"href":"https:\/\/www.uckg.org\/es\/wp-json\/wp\/v2\/comments?post=50265"}],"version-history":[{"count":2,"href":"https:\/\/www.uckg.org\/es\/wp-json\/wp\/v2\/posts\/50265\/revisions"}],"predecessor-version":[{"id":66650,"href":"https:\/\/www.uckg.org\/es\/wp-json\/wp\/v2\/posts\/50265\/revisions\/66650"}],"wp:attachment":[{"href":"https:\/\/www.uckg.org\/es\/wp-json\/wp\/v2\/media?parent=50265"}],"wp:term":[{"taxonomy":"category","embeddable":true,"href":"https:\/\/www.uckg.org\/es\/wp-json\/wp\/v2\/categories?post=50265"},{"taxonomy":"post_tag","embeddable":true,"href":"https:\/\/www.uckg.org\/es\/wp-json\/wp\/v2\/tags?post=50265"}],"curies":[{"name":"wp","href":"https:\/\/api.w.org\/{rel}","templated":true}]}}