{"id":42091,"date":"2013-03-01T02:45:57","date_gmt":"2013-03-01T02:45:57","guid":{"rendered":"http:\/\/www.uckg.org\/es\/?p=42091"},"modified":"2021-11-08T10:23:45","modified_gmt":"2021-11-08T09:23:45","slug":"cuarentena-dia-5","status":"publish","type":"post","link":"https:\/\/www.uckg.org\/es\/cuarentena-dia-5\/","title":{"rendered":"Cuarentena -Dia 5"},"content":{"rendered":"<p style=\"text-align: center;\"><a title=\"Cuarentena -Dia 5\" href=\"http:\/\/www.uckg.org\/es\/wp-content\/uploads\/2013\/02\/mujer-chica-sonriendo-sonrisa-woman-smiling-smile1.jpg\" rel=\"\"><img fetchpriority=\"high\" decoding=\"async\" class=\"aligncenter wp-image-42093\" src=\"http:\/\/www.uckg.org\/es\/wp-content\/uploads\/2013\/02\/mujer-chica-sonriendo-sonrisa-woman-smiling-smile1.jpg\" alt=\"mujer-chica-sonriendo-sonrisa-woman-smiling-smile\" width=\"571\" height=\"374\" title=\"\"><\/a><\/p>\n<p style=\"text-align: left;\">He aqu\u00ed la respuesta de la pregunta de ayer\u2026<\/p>\n<p><strong>\u00bfQu\u00e9 es ser grande delante de Dios?<\/strong><\/p>\n<p>Es tener osad\u00eda; convertir a muchos de los hijos de Israel \u2013 los que est\u00e1n <a title=\"El Campo de Ca\u00edn\" href=\"https:\/\/www.uckg.org\/es\/el-campo-de-cain\/\">dentro de la Iglesia<\/a> \u2013 a Dios.<\/p>\n<p>Existen muchos que incluso dicen que son hijos de Dios, pero que, en la pr\u00e1ctica, llevan una vida contraria a la fe. Han vivido a su \u201cmanera\u201d; creyendo que, de esta forma, alcanzar\u00e1n algo de Dios.<\/p>\n<p>La conversi\u00f3n no es otra cosa que un cambio de direcci\u00f3n.<\/p>\n<p><em>\u201cE ir\u00e1 delante de \u00c9l en el esp\u00edritu y poder de El\u00edas\u2026\u201d<\/em><\/p>\n<p>Este Juan Bautista que el \u00e1ngel presentaba a Zacar\u00edas, \u00a1no era un cobarde! No se dispondr\u00eda jam\u00e1s a ir delante de Dios en la \u201ccarne\u201d, precipitado o ansioso\u2026 Sino en el esp\u00edritu, que significa permanecer vigilando; atento\u2026<\/p>\n<p>Cuando se va delante de Dios se permanece atento a lo que es correcto o errado; no se queda esperando que Dios haga las cosas; que lo toque o que le mueva.<\/p>\n<p><strong>\u00a1Va adelante; est\u00e1 alerta!<\/strong><\/p>\n<p>Y quien va adelante, son apenas los corajosos y audaces. No se colocan en la <a title=\"El domingo de lo sobrenatural\" href=\"https:\/\/www.uckg.org\/es\/josue-y-lo-sobrenatural\/\">frente de la batalla<\/a> los t\u00edmidos, sino los que no temen encarar el desaf\u00edo.<\/p>\n<p><strong>\u00bfY quien era El\u00edas?<\/strong><\/p>\n<p>Cuando se habla de El\u00edas, \u00a1nos acordamos de la fe! De alguien corajoso, que solo enfrent\u00f3 a los profetas de Baal y venci\u00f3\u2026 (I Reis 18:25)<\/p>\n<p>Entonces, si la persona es t\u00edmida, miedosa, cobarde, tiene recelo o vive preocupada con aquello que los dem\u00e1s piensan\u2026 Autom\u00e1ticamente, no es grande delante de Dios.<\/p>\n<p>\u00a1NO! Permanece en su esp\u00edritu de debilidad, que es limitado\u2026<\/p>\n<p>Observa que Juan iba en el esp\u00edritu y poder de El\u00edas, para convertir el coraz\u00f3n de los hijos de Israel\u2026 No era para aparecer, \u00a1sino para mostrar la Verdad! Ser audaz, \u00a1revelando lo que es cierto!<\/p>\n<p>Y solo hay capacidad para revelar esa audacia, en el momento en que se vence la debilidad que nos hace esclavos. Si existe un peso en la conciencia, \u201cesta presa\u201d del error o es c\u00f3mplice del pecado, no se puede vivir ese poder y, mucho menos, pasarlo para los dem\u00e1s.<\/p>\n<p><strong>Existen muchas personas en la Iglesia que est\u00e1n esperando a alguien audaz que les hable la verdad, para convertir su coraz\u00f3n. La audacia no sirve como humillaci\u00f3n, sino como una forma directa de libertad del alma.<\/strong><\/p>\n<p>As\u00ed era Juan el Bautista que, a pesar de su esp\u00edritu audaz de poder, era amado y seguido por todos lo que ten\u00edan sed de la Verdad. A \u00c9l no le preocupaba agradar a nadie, sino <a title=\"La vida en el Altar\" href=\"https:\/\/www.uckg.org\/es\/la-vida-en-el-altar\/\">al propio Dios<\/a>, convirtiendo a los oyentes por medio de la exhortaci\u00f3n al arrepentimiento.<\/p>\n<p>Soy yo, que he conocido la Palabra de Dios, que me har\u00e9 escogida para llevar est\u00e1 salvaci\u00f3n a los dem\u00e1s. \u00a1De mi depende que se cumpla est\u00e1 promesa.<\/p>\n<p>Existe un enfrentamiento de lo que est\u00e1 mal; una direcci\u00f3n y una disciplina\u2026 La conversi\u00f3n del coraz\u00f3n es justamente anular los sentimientos que afloran en las personas: El miedo, la timidez, la cobard\u00eda, la inseguridad\u2026la duda.<\/p>\n<p><strong>\u00bfQu\u00e9 me har\u00e1 libre de estos sentimientos?<\/strong><\/p>\n<p>\u00a1Precisamente cuando yo act\u00fao de acuerdo a la fe inteligente!<\/p>\n<p>Cuando oigo la voz del siervo de Dios, atento para la verdad y ah\u00ed, me disciplino y me convierto: Dejo de hacer lo que normalmente har\u00eda, en funci\u00f3n de los sentimientos, para hacer lo que est\u00e1 escrito, que es la obediencia ala Palabra.<\/p>\n<p><strong>Amiga, me gustar\u00eda que pienses\u2026<\/strong><\/p>\n<p>Qu\u00e9 nos hace ser <a href=\"https:\/\/www.uckg.org\/es\/por-que-dios-no-dejo-una-foto-suya\/\">grandes delante de Dios<\/a>, es el hecho de que Su Palabra est\u00e1 viva y es eficaz en nuestro interior.<\/p>\n<p>&nbsp;<\/p>\n<p>Vivi Freitas<br \/>\n<a href=\"http:\/\/vivifreitas.me\/es\/cuarentena-dia-5\/#more-16844\" rel=\"nofollow noopener\" target=\"_blank\">www.vivifreitas.me\/es<\/a><\/p>\n","protected":false},"excerpt":{"rendered":"<p>He aqu\u00ed la respuesta de la pregunta de ayer\u2026\u00bfQu\u00e9 es ser grande delante de Dios?<\/p>\n","protected":false},"author":15,"featured_media":0,"comment_status":"open","ping_status":"open","sticky":false,"template":"","format":"standard","meta":{"give_campaign_id":0,"_monsterinsights_skip_tracking":false,"_monsterinsights_sitenote_active":false,"_monsterinsights_sitenote_note":"","_monsterinsights_sitenote_category":0,"footnotes":""},"categories":[656],"tags":[1933,1931,1932,4280],"class_list":["post-42091","post","type-post","status-publish","format-standard","hentry","category-mujeres","tag-al-propio-dios","tag-dentro-de-la-iglesia","tag-frente-de-la-batalla","tag-grandes-delante-de-dios"],"_links":{"self":[{"href":"https:\/\/www.uckg.org\/es\/wp-json\/wp\/v2\/posts\/42091","targetHints":{"allow":["GET"]}}],"collection":[{"href":"https:\/\/www.uckg.org\/es\/wp-json\/wp\/v2\/posts"}],"about":[{"href":"https:\/\/www.uckg.org\/es\/wp-json\/wp\/v2\/types\/post"}],"author":[{"embeddable":true,"href":"https:\/\/www.uckg.org\/es\/wp-json\/wp\/v2\/users\/15"}],"replies":[{"embeddable":true,"href":"https:\/\/www.uckg.org\/es\/wp-json\/wp\/v2\/comments?post=42091"}],"version-history":[{"count":2,"href":"https:\/\/www.uckg.org\/es\/wp-json\/wp\/v2\/posts\/42091\/revisions"}],"predecessor-version":[{"id":69597,"href":"https:\/\/www.uckg.org\/es\/wp-json\/wp\/v2\/posts\/42091\/revisions\/69597"}],"wp:attachment":[{"href":"https:\/\/www.uckg.org\/es\/wp-json\/wp\/v2\/media?parent=42091"}],"wp:term":[{"taxonomy":"category","embeddable":true,"href":"https:\/\/www.uckg.org\/es\/wp-json\/wp\/v2\/categories?post=42091"},{"taxonomy":"post_tag","embeddable":true,"href":"https:\/\/www.uckg.org\/es\/wp-json\/wp\/v2\/tags?post=42091"}],"curies":[{"name":"wp","href":"https:\/\/api.w.org\/{rel}","templated":true}]}}