{"id":2714723,"date":"2025-10-21T12:00:08","date_gmt":"2025-10-21T11:00:08","guid":{"rendered":"https:\/\/www.uckg.org\/es\/?p=2714723"},"modified":"2025-10-23T15:46:22","modified_gmt":"2025-10-23T14:46:22","slug":"paranormal-activity-fantasia-o-realidad","status":"publish","type":"post","link":"https:\/\/www.uckg.org\/es\/paranormal-activity-fantasia-o-realidad\/","title":{"rendered":"Paranormal Activity: \u00bfFantas\u00eda o Realidad?"},"content":{"rendered":"<p><a href=\"https:\/\/www.uckg.org\/es\/wp-content\/uploads\/2025\/10\/Paranormal.jpg\"><img fetchpriority=\"high\" decoding=\"async\" class=\"size-full wp-image-2714724 aligncenter\" src=\"https:\/\/www.uckg.org\/es\/wp-content\/uploads\/2025\/10\/Paranormal.jpg\" alt=\"\" width=\"862\" height=\"354\" title=\"\" srcset=\"https:\/\/www.uckg.org\/es\/wp-content\/uploads\/2025\/10\/Paranormal.jpg 862w, https:\/\/www.uckg.org\/es\/wp-content\/uploads\/2025\/10\/Paranormal-300x123.jpg 300w, https:\/\/www.uckg.org\/es\/wp-content\/uploads\/2025\/10\/Paranormal-768x315.jpg 768w, https:\/\/www.uckg.org\/es\/wp-content\/uploads\/2025\/10\/Paranormal-500x205.jpg 500w\" sizes=\"(max-width: 862px) 100vw, 862px\" \/><\/a><\/p>\n<p style=\"text-align: justify;\">Recientemente, una noticia acapar\u00f3 titulares en todo el mundo: la muerte de Dan Rivera, un conocido investigador paranormal. En julio de 2025, Rivera viajaba por Estados Unidos en una gira llamada &#8220;Devils on the Run&#8221; (Demonios en fuga), acompa\u00f1ado de la infame mu\u00f1eca Annabelle, considerada por muchos como maldita. Su repentina muerte ha reavivado una vieja pregunta: \u00bfEs la actividad paranormal real o simplemente una creaci\u00f3n de la imaginaci\u00f3n humana?<\/p>\n<p style=\"text-align: justify;\">Por definici\u00f3n, el t\u00e9rmino &#8220;paranormal&#8221; se refiere a cualquier cosa cient\u00edficamente inexplicable o sobrenatural. Si bien lo oculto representado en las pel\u00edculas es ficci\u00f3n, muchas personas en la vida real desear\u00edan poder pausar la actividad para escapar del peso invisible de la opresi\u00f3n espiritual y el miedo que sienten en su vida diaria.<\/p>\n<p style=\"text-align: justify;\">\u00bfAlguna vez has experimentado algo inexplicable? \u00bfQuiz\u00e1s un objeto que se mueve solo, una voz que te llama por tu nombre cuando no hay nadie, una puerta que se abre o se cierra misteriosamente, o despertar en la noche sin poder moverte ni gritar? Desde personas comunes hasta celebridades, existen innumerables relatos de experiencias sobrenaturales.<\/p>\n<p style=\"text-align: justify;\">El actor Keanu Reeves comparti\u00f3 en una entrevista que, de ni\u00f1o, vio una chaqueta vac\u00eda flotando por su habitaci\u00f3n antes de que desapareciera repentinamente. La cantante Demi Lovato ha hablado sobre su antigua casa, embrujada por el esp\u00edritu de una joven llamada Emily. Ariana Grande tambi\u00e9n ha contado que una vez oli\u00f3 azufre y captur\u00f3 rostros demon\u00edacos en una foto que tom\u00f3 mientras visitaba el cementerio Stull en Kansas.<\/p>\n<p style=\"text-align: justify;\">Historias como estas, que parecen tramas de pel\u00edculas de terror, apuntan a un reino espiritual invisible pero muy real. La Biblia confirma esta realidad y relata varios casos de personas atormentadas por esp\u00edritus malignos, como el rey Sa\u00fal, quien fue atormentado por un esp\u00edritu maligno (1 Samuel 16:14-23); Mar\u00eda Magdalena, de quien fueron expulsados \u200b\u200bsiete demonios (Lucas 8:2); y el hombre gadareno, pose\u00eddo por una legi\u00f3n de demonios, que viv\u00eda entre las tumbas y se autolesionaba hasta que Jes\u00fas lo liber\u00f3 (Marcos 5:1-20). Solo el poder y la autoridad de Jes\u00fas pudieron restaurar estas vidas por completo.<\/p>\n<p style=\"text-align: justify;\">Para muchos, el primer contacto con lo sobrenatural ocurre durante la infancia o la adolescencia, a trav\u00e9s de actividades aparentemente inocentes como la ouija, el Bloody Mary o los llamados &#8220;desaf\u00edos de fantasmas&#8221;, populares en redes sociales. Lo que puede comenzar como una diversi\u00f3n inofensiva, a menudo abre las puertas a oscuras influencias espirituales, que conducen al miedo, las pesadillas e incluso a una opresi\u00f3n prolongada.<\/p>\n<p style=\"text-align: justify;\">Sin embargo, mientras los esp\u00edritus malignos esclavizan la mente, Dios ofrece verdadera liberaci\u00f3n. Quienes caminan con \u00c9l no tienen por qu\u00e9 temer. Por la fe, viven en paz y bajo su protecci\u00f3n contra toda fuerza de oscuridad.<\/p>\n<p style=\"text-align: justify;\">Para experimentar esta libertad y fortalecerse espiritualmente, \u00fanete a nosotros el viernes 31 de octubre, el mismo d\u00eda en que el mundo celebra Halloween, en una reuni\u00f3n especial: &#8220;Viernes de la Quiebra Total de la Brujer\u00eda&#8221;. Haz clic aqu\u00ed para obtener m\u00e1s informaci\u00f3n y unirte a nosotros en la Iglesia Universal en espa\u00f1ol.<\/p>\n<p style=\"text-align: justify;\">Si no quieres esperar hasta el 31 para recibir ayuda espiritual, te invitamos a unirte a nosotros este viernes 24 de octubre, cuando tambi\u00e9n determinaremos la liberaci\u00f3n de todo mal. Tambi\u00e9n puedes contactarnos a trav\u00e9s de nuestra l\u00ednea de ayuda disponible las 24 horas, donde un asesor espiritual estar\u00e1 disponible para orar contigo y ofrecerte orientaci\u00f3n.<\/p>\n<p style=\"text-align: justify;\">L\u00ednea de ayuda 24 horas: 020 7686 6048<br \/>\nWhatsApp: 07352 945274<\/p>\n<p style=\"text-align: justify;\"><strong>Evento:<\/strong> Viernes de la Quiebra Total de la Brujer\u00eda<br \/>\n<strong>D\u00eda y hora:<\/strong> Viernes 31 de octubre a las 19:30h (tambi\u00e9n a las 7:00h, 12:00h y 16:30h)<br \/>\n<strong>Lugar:<\/strong> Iglesia Universal en espa\u00f1ol<\/p>\n<p style=\"text-align: justify;\">\u00a0<\/p>\n<p style=\"text-align: justify;\">Fuentes:<a href=\"https:\/\/www.independent.co.uk\/arts-entertainment\/films\/news\/annabelle-doll-dan-rivera-cause-death-conjuring-b2820623.html\" rel=\"nofollow noopener\" target=\"_blank\">https:\/\/www.independent.co.uk\/arts-entertainment\/films\/news\/annabelle-doll-dan-rivera-cause-death-conjuring-b2820623.html<\/a><\/p>\n<p style=\"text-align: justify;\"><a href=\"http:\/\/abcnews.go.com\/blogs\/entertainment\/2014\/10\/keanu-reeves-shares-real-life-ghost-story\" rel=\"nofollow noopener\" target=\"_blank\">http:\/\/abcnews.go.com\/blogs\/entertainment\/2014\/10\/keanu-reeves-shares-real-life-ghost-story<\/a><\/p>\n<p style=\"text-align: justify;\"><a href=\"https:\/\/www.buzzfeed.com\/laurengarafano\/celebrities-share-ghost-and-demon-interactions\" rel=\"nofollow noopener\" target=\"_blank\">https:\/\/www.buzzfeed.com\/laurengarafano\/celebrities-share-ghost-and-demon-interactions<\/a><\/p>\n<p style=\"text-align: justify;\">\u00a0<\/p>\n","protected":false},"excerpt":{"rendered":"<p>Recientemente, una noticia acapar\u00f3 titulares en todo el mundo: la muerte de Dan Rivera, un conocido investigador paranormal. En julio de 2025, Rivera viajaba por Estados Unidos en una gira llamada &#8220;Devils on the Run&#8221; (Demonios en fuga), acompa\u00f1ado de la infame mu\u00f1eca Annabelle, considerada por muchos como maldita. Su repentina muerte ha reavivado una [&hellip;]<\/p>\n","protected":false},"author":26,"featured_media":2714724,"comment_status":"closed","ping_status":"closed","sticky":false,"template":"","format":"standard","meta":{"give_campaign_id":0,"_monsterinsights_skip_tracking":false,"_monsterinsights_sitenote_active":false,"_monsterinsights_sitenote_note":"","_monsterinsights_sitenote_category":0,"footnotes":""},"categories":[658,659,4599],"tags":[],"class_list":["post-2714723","post","type-post","status-publish","format-standard","has-post-thumbnail","hentry","category-news","category-noticias","category-ultimas-noticias"],"_links":{"self":[{"href":"https:\/\/www.uckg.org\/es\/wp-json\/wp\/v2\/posts\/2714723","targetHints":{"allow":["GET"]}}],"collection":[{"href":"https:\/\/www.uckg.org\/es\/wp-json\/wp\/v2\/posts"}],"about":[{"href":"https:\/\/www.uckg.org\/es\/wp-json\/wp\/v2\/types\/post"}],"author":[{"embeddable":true,"href":"https:\/\/www.uckg.org\/es\/wp-json\/wp\/v2\/users\/26"}],"replies":[{"embeddable":true,"href":"https:\/\/www.uckg.org\/es\/wp-json\/wp\/v2\/comments?post=2714723"}],"version-history":[{"count":2,"href":"https:\/\/www.uckg.org\/es\/wp-json\/wp\/v2\/posts\/2714723\/revisions"}],"predecessor-version":[{"id":2714726,"href":"https:\/\/www.uckg.org\/es\/wp-json\/wp\/v2\/posts\/2714723\/revisions\/2714726"}],"wp:featuredmedia":[{"embeddable":true,"href":"https:\/\/www.uckg.org\/es\/wp-json\/wp\/v2\/media\/2714724"}],"wp:attachment":[{"href":"https:\/\/www.uckg.org\/es\/wp-json\/wp\/v2\/media?parent=2714723"}],"wp:term":[{"taxonomy":"category","embeddable":true,"href":"https:\/\/www.uckg.org\/es\/wp-json\/wp\/v2\/categories?post=2714723"},{"taxonomy":"post_tag","embeddable":true,"href":"https:\/\/www.uckg.org\/es\/wp-json\/wp\/v2\/tags?post=2714723"}],"curies":[{"name":"wp","href":"https:\/\/api.w.org\/{rel}","templated":true}]}}