{"id":2713548,"date":"2025-04-04T14:20:04","date_gmt":"2025-04-04T13:20:04","guid":{"rendered":"https:\/\/www.uckg.org\/es\/?p=2713548"},"modified":"2025-04-12T14:20:59","modified_gmt":"2025-04-12T13:20:59","slug":"que-son-las-primicias-y-que-simbolizan","status":"publish","type":"post","link":"https:\/\/www.uckg.org\/es\/que-son-las-primicias-y-que-simbolizan\/","title":{"rendered":"\u00bfQu\u00e9 son las Primicias y qu\u00e9 simbolizan?"},"content":{"rendered":"<p><a href=\"https:\/\/www.uckg.org\/es\/wp-content\/uploads\/2025\/04\/First-Fruits.jpg\"><img fetchpriority=\"high\" decoding=\"async\" class=\"size-full wp-image-2713549 aligncenter\" src=\"https:\/\/www.uckg.org\/es\/wp-content\/uploads\/2025\/04\/First-Fruits.jpg\" alt=\"\" width=\"862\" height=\"354\" title=\"\" srcset=\"https:\/\/www.uckg.org\/es\/wp-content\/uploads\/2025\/04\/First-Fruits.jpg 862w, https:\/\/www.uckg.org\/es\/wp-content\/uploads\/2025\/04\/First-Fruits-300x123.jpg 300w, https:\/\/www.uckg.org\/es\/wp-content\/uploads\/2025\/04\/First-Fruits-768x315.jpg 768w, https:\/\/www.uckg.org\/es\/wp-content\/uploads\/2025\/04\/First-Fruits-500x205.jpg 500w\" sizes=\"(max-width: 862px) 100vw, 862px\" \/><\/a><\/p>\n<p style=\"text-align: justify;\">La pr\u00e1ctica b\u00edblica de las Primicias se menciona por primera vez en \u00c9xodo 23:19, donde Dios orden\u00f3 a los israelitas que le trajeran la primera y mejor parte de su cosecha como ofrenda. Esta ofrenda simbolizaba gratitud, confianza y reconocimiento de que todas las bendiciones provienen de Dios. Al dar lo primero y lo mejor de su cosecha, los israelitas tambi\u00e9n demostraron su fe en que el Se\u00f1or proveer\u00eda para ellos en el futuro.<\/p>\n<p style=\"text-align: justify;\">De la misma manera, quienes siguen los mandamientos de Dios son considerados sus &#8220;Primicias&#8221;. Santiago 1:18 afirma: <em>&#8220;\u00c9l nos hizo nacer por la palabra de verdad, para que fu\u00e9ramos las primicias de sus criaturas.&#8221;<\/em> Esto significa que quienes viven en obediencia y santidad son apartados para Dios, al igual que las Primicias fueron dedicadas a \u00c9l. Sirven como ejemplo del poder transformador de Dios, viviendo de una manera que refleja su gloria.<\/p>\n<p style=\"text-align: justify;\">Mar\u00eda Magdalena ejemplifica esto a la perfecci\u00f3n. Tras ser liberada por el Se\u00f1or Jes\u00fas (ver Lucas 8:2) y experimentar su poder, dedic\u00f3 su vida por completo a su servicio, sigui\u00e9ndolo incluso hasta la cruz cuando muchos otros huyeron. Gracias a su inquebrantable devoci\u00f3n, se convirti\u00f3 en la PRIMERA persona a quien Jes\u00fas se apareci\u00f3 despu\u00e9s de su resurrecci\u00f3n (ver Juan 20:16-17).<\/p>\n<p style=\"text-align: justify;\">Hoy en d\u00eda, no es diferente. Como cristianos, al ofrecer nuestras Primicias a Dios, no solo econ\u00f3micamente sino tambi\u00e9n espiritualmente, a trav\u00e9s de nuestras acciones, decisiones y nuestra entrega diaria a \u00c9l, demostramos que lo honramos por encima de todo. Con esta fe, dedicaremos este fin de semana como el Fin de Semana de las Primicias, donde priorizaremos al Todopoderoso e invertiremos nuestro tiempo en buscarlo y servirlo.<\/p>\n<p style=\"text-align: justify;\">El s\u00e1bado, realizaremos una marcha especial a partir de las 10:00 h. Saldremos a las calles para acercarnos a quienes sufren, haci\u00e9ndoles saber que hay esperanza y compartiendo la buena noticia del pr\u00f3ximo evento &#8220;Cambio de Vida&#8221;, que tendr\u00e1 lugar el Domingo de Pascua.<\/p>\n<p style=\"text-align: justify;\">El Domingo, tendremos una reuni\u00f3n especial a las 12:00h (tambi\u00e9n a las 8:30h y 18:00h) donde buscaremos Su presencia y participaremos en la Fiesta de las Primicias, una ceremonia en la que presentamos nuestras Primicias a Dios como representaci\u00f3n de nuestra fidelidad a \u00c9l y somos ungidos con aceite consagrado sobre nuestras cabezas como s\u00edmbolo que nos distingue como sus siervos.<\/p>\n<p style=\"text-align: justify;\">Acomp\u00e1\u00f1enos en la Iglesia Universal en espa\u00f1ol para este poderoso fin de semana donde expresaremos nuestra gratitud a nuestro Se\u00f1or y Salvador.<\/p>\n<p style=\"text-align: justify;\"><strong>Evento:<\/strong> Fin de Semana de las Primicias<br \/>\n<strong>Fecha y hora:<\/strong> S\u00e1bado a las 10:00h y domingo a las 12h (tambi\u00e9n a las 8:30h y 18:00h). \u00a0<br \/>\n<strong>Ubicaci\u00f3n:<\/strong> En la Catedral de los Milagros, 232 Seven Sisters Rd, N4 3NX<\/p>\n","protected":false},"excerpt":{"rendered":"<p>La pr\u00e1ctica b\u00edblica de las Primicias se menciona por primera vez en \u00c9xodo 23:19, donde Dios orden\u00f3 a los israelitas que le trajeran la primera y mejor parte de su cosecha como ofrenda. Esta ofrenda simbolizaba gratitud, confianza y reconocimiento de que todas las bendiciones provienen de Dios. Al dar lo primero y lo mejor [&hellip;]<\/p>\n","protected":false},"author":26,"featured_media":2713549,"comment_status":"closed","ping_status":"closed","sticky":false,"template":"","format":"standard","meta":{"give_campaign_id":0,"_monsterinsights_skip_tracking":false,"_monsterinsights_sitenote_active":false,"_monsterinsights_sitenote_note":"","_monsterinsights_sitenote_category":0,"footnotes":""},"categories":[658,659,4599],"tags":[],"class_list":["post-2713548","post","type-post","status-publish","format-standard","has-post-thumbnail","hentry","category-news","category-noticias","category-ultimas-noticias"],"_links":{"self":[{"href":"https:\/\/www.uckg.org\/es\/wp-json\/wp\/v2\/posts\/2713548","targetHints":{"allow":["GET"]}}],"collection":[{"href":"https:\/\/www.uckg.org\/es\/wp-json\/wp\/v2\/posts"}],"about":[{"href":"https:\/\/www.uckg.org\/es\/wp-json\/wp\/v2\/types\/post"}],"author":[{"embeddable":true,"href":"https:\/\/www.uckg.org\/es\/wp-json\/wp\/v2\/users\/26"}],"replies":[{"embeddable":true,"href":"https:\/\/www.uckg.org\/es\/wp-json\/wp\/v2\/comments?post=2713548"}],"version-history":[{"count":2,"href":"https:\/\/www.uckg.org\/es\/wp-json\/wp\/v2\/posts\/2713548\/revisions"}],"predecessor-version":[{"id":2713551,"href":"https:\/\/www.uckg.org\/es\/wp-json\/wp\/v2\/posts\/2713548\/revisions\/2713551"}],"wp:featuredmedia":[{"embeddable":true,"href":"https:\/\/www.uckg.org\/es\/wp-json\/wp\/v2\/media\/2713549"}],"wp:attachment":[{"href":"https:\/\/www.uckg.org\/es\/wp-json\/wp\/v2\/media?parent=2713548"}],"wp:term":[{"taxonomy":"category","embeddable":true,"href":"https:\/\/www.uckg.org\/es\/wp-json\/wp\/v2\/categories?post=2713548"},{"taxonomy":"post_tag","embeddable":true,"href":"https:\/\/www.uckg.org\/es\/wp-json\/wp\/v2\/tags?post=2713548"}],"curies":[{"name":"wp","href":"https:\/\/api.w.org\/{rel}","templated":true}]}}